{"id":1233,"date":"2009-04-11T13:39:00","date_gmt":"2009-04-11T13:39:00","guid":{"rendered":"http:\/\/www.toque-musicall.com\/?p=1233"},"modified":"2009-04-11T13:39:00","modified_gmt":"2009-04-11T13:39:00","slug":"francisco-petronio-dilermando-reis-uma-voz-e-um-violao-em-seresta-1962","status":"publish","type":"post","link":"https:\/\/www.toque-musicall.com\/?p=1233","title":{"rendered":"Francisco Petronio &#038; Dilermando Reis &#8211; Uma Voz E Um Viol\u00e3o Em Seresta (1962)"},"content":{"rendered":"<p><a href=\"http:\/\/3.bp.blogspot.com\/_DSKVEvHtskc\/SeCdurjyLUI\/AAAAAAAADto\/iGy1rnKX5lE\/s1600-h\/Francisco+e+Dilermando+P.JPG\"><img decoding=\"async\" id=\"BLOGGER_PHOTO_ID_5323428184844283202\" style=\"DISPLAY: block; MARGIN: 0px auto 10px; WIDTH: 395px; CURSOR: hand; HEIGHT: 400px; TEXT-ALIGN: center\" alt=\"\" src=\"http:\/\/3.bp.blogspot.com\/_DSKVEvHtskc\/SeCdurjyLUI\/AAAAAAAADto\/iGy1rnKX5lE\/s400\/Francisco+e+Dilermando+P.JPG\" border=\"0\" \/><\/a>Ol\u00e1! Hoje estou tendo que recorrer aos meus &#8216;\u00e1lbuns de gaveta&#8217;, pois longe da central e sem um notebook (que eu odeio), minha op\u00e7\u00e3o \u00e9 meia hora num \u00fanico e lotado &#8216;cyber caf\u00e9&#8217; (que eu odeio tamb\u00e9m). Eu vou ser r\u00e1pido, porque j\u00e1 tem gente na fila de espera. <\/p>\n<div align=\"left\">Existem discos que tiveram t\u00e3o boa aceita\u00e7\u00e3o do p\u00fablico que seus autores continuaram na saga do sucesso, lan\u00e7ando seguidos volumes. Este \u00e9 o caso de &#8220;Uma voz e um viol\u00e3o em serenata&#8221;, gravado em 1962 por Dilermando Reis e o ent\u00e3o &#8220;novato&#8221; Francisco Petr\u00f4nio. Este \u00e1lbum, na verdade, seria o primeiro lp de Francisco Petr\u00f4nio. Cantor de sorte e muito talento. Tornou-se conhecido como o &#8220;rei do baile da saudade&#8221; e se deu bem ao lado do gigante Dilermando. Desta uni\u00e3o e mantendo a mesma &#8216;formula&#8217;, chegaram at\u00e9 ao volume 7. O repert\u00f3rio, bem apropriado, re\u00fane valsinhas cl\u00e1ssicas e can\u00e7\u00f5es como &#8220;Se ela perguntar&#8221;, de Dilermando Reis e Jair Amorim, &#8220;Ave Maria&#8221;, de Erotides de Campos e a can\u00e7\u00e3o &#8220;Ch\u00e3o de estrelas&#8221;, de Orestes Barbosa. Tem mais&#8230; confiram&#8230; \ud83d\ude42<\/div>\n<div align=\"center\">.<\/div>\n<div align=\"center\">se ela perguntar<\/div>\n<div align=\"center\">cabelos cor de prata<\/div>\n<div align=\"center\">ch\u00e3o de estrelas<\/div>\n<div align=\"center\">ave maria<\/div>\n<div align=\"center\">malandrinha<\/div>\n<div align=\"center\">meu romance<\/div>\n<div align=\"center\">rapaziada do br\u00e1z<\/div>\n<div align=\"center\">arrependimento<\/div>\n<div align=\"center\">vidas mal tra\u00e7adas<\/div>\n<div align=\"center\">tardes em lind\u00f3ia<\/div>\n<div align=\"center\">amando sobre o mar<\/div>\n<div align=\"center\">saudade de ningu\u00e9m<\/div>\n<div align=\"center\"><\/div>\n<div align=\"center\"><\/div>\n<div align=\"center\"><\/div>\n<div align=\"center\"><\/div>\n","protected":false},"excerpt":{"rendered":"<p>Ol\u00e1! Hoje estou tendo que recorrer aos meus &#8216;\u00e1lbuns de gaveta&#8217;, pois longe da central e sem um notebook (que eu odeio), minha op\u00e7\u00e3o \u00e9 meia hora num \u00fanico e lotado &#8216;cyber caf\u00e9&#8217; (que eu odeio tamb\u00e9m). Eu vou ser &hellip; <a href=\"https:\/\/www.toque-musicall.com\/?p=1233\">Continue lendo <span class=\"meta-nav\">&rarr;<\/span><\/a><\/p>\n","protected":false},"author":1,"featured_media":0,"comment_status":"open","ping_status":"closed","sticky":false,"template":"","format":"standard","meta":{"footnotes":""},"categories":[75,373],"tags":[],"class_list":["post-1233","post","type-post","status-publish","format-standard","hentry","category-dilermando-reis","category-francisco-petronio"],"_links":{"self":[{"href":"https:\/\/www.toque-musicall.com\/index.php?rest_route=\/wp\/v2\/posts\/1233","targetHints":{"allow":["GET"]}}],"collection":[{"href":"https:\/\/www.toque-musicall.com\/index.php?rest_route=\/wp\/v2\/posts"}],"about":[{"href":"https:\/\/www.toque-musicall.com\/index.php?rest_route=\/wp\/v2\/types\/post"}],"author":[{"embeddable":true,"href":"https:\/\/www.toque-musicall.com\/index.php?rest_route=\/wp\/v2\/users\/1"}],"replies":[{"embeddable":true,"href":"https:\/\/www.toque-musicall.com\/index.php?rest_route=%2Fwp%2Fv2%2Fcomments&post=1233"}],"version-history":[{"count":0,"href":"https:\/\/www.toque-musicall.com\/index.php?rest_route=\/wp\/v2\/posts\/1233\/revisions"}],"wp:attachment":[{"href":"https:\/\/www.toque-musicall.com\/index.php?rest_route=%2Fwp%2Fv2%2Fmedia&parent=1233"}],"wp:term":[{"taxonomy":"category","embeddable":true,"href":"https:\/\/www.toque-musicall.com\/index.php?rest_route=%2Fwp%2Fv2%2Fcategories&post=1233"},{"taxonomy":"post_tag","embeddable":true,"href":"https:\/\/www.toque-musicall.com\/index.php?rest_route=%2Fwp%2Fv2%2Ftags&post=1233"}],"curies":[{"name":"wp","href":"https:\/\/api.w.org\/{rel}","templated":true}]}}