{"id":1234,"date":"2009-04-10T15:12:00","date_gmt":"2009-04-10T15:12:00","guid":{"rendered":"http:\/\/www.toque-musicall.com\/?p=1234"},"modified":"2009-04-10T15:12:00","modified_gmt":"2009-04-10T15:12:00","slug":"arthur-moreira-lima-e-radames-gnattali-a-grande-musica-de-noel-rosa-a-grande-musica-do-brasil-1978","status":"publish","type":"post","link":"https:\/\/www.toque-musicall.com\/?p=1234","title":{"rendered":"Arthur Moreira Lima E Radam\u00e9s Gnattali &#8211; A Grande M\u00fasica De Noel Rosa &#8211; A Grande M\u00fasica Do Brasil (1978)"},"content":{"rendered":"<div align=\"left\"><a href=\"http:\/\/2.bp.blogspot.com\/_DSKVEvHtskc\/Sd9wCwCVlPI\/AAAAAAAADtg\/1JqmOSTsPi0\/s1600-h\/radames+e+arthur+moreira+lima+-+noel+P.JPG\"><img decoding=\"async\" id=\"BLOGGER_PHOTO_ID_5323096477131969778\" style=\"DISPLAY: block; MARGIN: 0px auto 10px; WIDTH: 400px; CURSOR: hand; HEIGHT: 400px; TEXT-ALIGN: center\" alt=\"\" src=\"http:\/\/2.bp.blogspot.com\/_DSKVEvHtskc\/Sd9wCwCVlPI\/AAAAAAAADtg\/1JqmOSTsPi0\/s400\/radames+e+arthur+moreira+lima+-+noel+P.JPG\" border=\"0\" \/><\/a>H\u00e1 tempos eu venho pensando em postar este disco aqui no Toque Musical, mas sempre acabo deixando ele de lado. Mas desta vez eu tomei boa parte da manh\u00e3 &#8216;dando um trato&#8217; no arquivo e agora ele entra! N\u00e3o ficou l\u00e1 grandes coisas, porque eu n\u00e3o tenho os recursos e programas necess\u00e1rios para sua limpeza. Apenas removi alguns estalos e chiados muito evidentes. Este \u00e1lbum bem que merece um cuidado especial, pois \u00e9 simplesmente maravilhoso. Ele faz parte de uma s\u00e9rie intitulada &#8220;A Grande M\u00fasica do Brasil&#8221;, concebida e dirigida por Marcus Pereira para Discos Copacabana. Esta cole\u00e7\u00e3o foi criada no sentido de homenagear alguns dos maiores nomes da nossa m\u00fasica, em interpreta\u00e7\u00e3o sinf\u00f4nica, com grandes instrumentistas e arranjadores. Trata-se de um trabalho exclusivamente instrumental, cuja a dire\u00e7\u00e3o musical era do maestro e compositor Marcus Vinicius.<\/div>\n<div align=\"left\">Temos aqui a grande m\u00fasica de Noel Rosa, numa parceria entre o pianista Arthur Moreira Lima e o maestro Radam\u00e9s Gnattali e orquestra. Tenho certeza que se Noel tivesse ouvido este disco iria ficar encantado com essa vers\u00e3o instrumental e super sens\u00edvel de algumas de suas mais belas composi\u00e7\u00f5es. Eu resumiria este trabalho dizendo apenas ser esta a feliz uni\u00e3o da flor e seu perfume. Lindo de viver! <\/div>\n<div align=\"center\"> <\/div>\n<div align=\"center\">concerto para noel rosa<\/div>\n<div align=\"center\">&#8211; as pastorinhas<\/div>\n<div align=\"center\">&#8211; em feitio de ora\u00e7\u00e3o<\/div>\n<div align=\"center\">&#8211; conversa de botequim<\/div>\n<div align=\"center\">feiti\u00e7o da vila<\/div>\n<div align=\"center\">\u00faltimo desejo \/ tr\u00eas apitos<\/div>\n<div align=\"center\">fita amarela \/ sil\u00eancio de um minuto<\/div>\n<div align=\"center\">de babado sim \/ at\u00e9 amanh\u00e3<\/div>\n<div align=\"center\"><\/div>\n<div align=\"center\"><\/div>\n<div align=\"center\"> <\/div>\n<div align=\"center\"> <\/div>\n","protected":false},"excerpt":{"rendered":"<p>H\u00e1 tempos eu venho pensando em postar este disco aqui no Toque Musical, mas sempre acabo deixando ele de lado. Mas desta vez eu tomei boa parte da manh\u00e3 &#8216;dando um trato&#8217; no arquivo e agora ele entra! N\u00e3o ficou &hellip; <a href=\"https:\/\/www.toque-musicall.com\/?p=1234\">Continue lendo <span class=\"meta-nav\">&rarr;<\/span><\/a><\/p>\n","protected":false},"author":1,"featured_media":0,"comment_status":"open","ping_status":"closed","sticky":false,"template":"","format":"standard","meta":{"footnotes":""},"categories":[912,678,396],"tags":[],"class_list":["post-1234","post","type-post","status-publish","format-standard","hentry","category-arthur-moreira-lima","category-noel-rosa","category-radames-gnattali"],"_links":{"self":[{"href":"https:\/\/www.toque-musicall.com\/index.php?rest_route=\/wp\/v2\/posts\/1234","targetHints":{"allow":["GET"]}}],"collection":[{"href":"https:\/\/www.toque-musicall.com\/index.php?rest_route=\/wp\/v2\/posts"}],"about":[{"href":"https:\/\/www.toque-musicall.com\/index.php?rest_route=\/wp\/v2\/types\/post"}],"author":[{"embeddable":true,"href":"https:\/\/www.toque-musicall.com\/index.php?rest_route=\/wp\/v2\/users\/1"}],"replies":[{"embeddable":true,"href":"https:\/\/www.toque-musicall.com\/index.php?rest_route=%2Fwp%2Fv2%2Fcomments&post=1234"}],"version-history":[{"count":0,"href":"https:\/\/www.toque-musicall.com\/index.php?rest_route=\/wp\/v2\/posts\/1234\/revisions"}],"wp:attachment":[{"href":"https:\/\/www.toque-musicall.com\/index.php?rest_route=%2Fwp%2Fv2%2Fmedia&parent=1234"}],"wp:term":[{"taxonomy":"category","embeddable":true,"href":"https:\/\/www.toque-musicall.com\/index.php?rest_route=%2Fwp%2Fv2%2Fcategories&post=1234"},{"taxonomy":"post_tag","embeddable":true,"href":"https:\/\/www.toque-musicall.com\/index.php?rest_route=%2Fwp%2Fv2%2Ftags&post=1234"}],"curies":[{"name":"wp","href":"https:\/\/api.w.org\/{rel}","templated":true}]}}