{"id":124,"date":"2012-03-09T09:34:00","date_gmt":"2012-03-09T09:34:00","guid":{"rendered":"http:\/\/www.toque-musicall.com\/?p=124"},"modified":"2012-03-09T09:34:00","modified_gmt":"2012-03-09T09:34:00","slug":"deo-lopes-noite-cheia-de-estrelas-1993","status":"publish","type":"post","link":"https:\/\/www.toque-musicall.com\/?p=124","title":{"rendered":"Deo Lopes &#8211; Noite Cheia De Estrelas (1993)"},"content":{"rendered":"<p><a href=\"http:\/\/4.bp.blogspot.com\/-QH8Fzjn8V_Q\/T1nX5SjHMZI\/AAAAAAAABMk\/HLKTIp8sbw4\/s1600\/capa+P.JPG\"><img decoding=\"async\" style=\"display:block; margin:0px auto 10px; text-align:center;cursor:pointer; cursor:hand;width: 396px; height: 400px;\" src=\"http:\/\/4.bp.blogspot.com\/-QH8Fzjn8V_Q\/T1nX5SjHMZI\/AAAAAAAABMk\/HLKTIp8sbw4\/s400\/capa+P.JPG\" border=\"0\" alt=\"\" id=\"BLOGGER_PHOTO_ID_5717838581155180946\" \/><\/a><a href=\"http:\/\/1.bp.blogspot.com\/-m79fCV4G7p0\/T1nX0m-XI7I\/AAAAAAAABMY\/ZiE0jhqR4hw\/s1600\/contracapa+P.JPG\"><img decoding=\"async\" style=\"display:block; margin:0px auto 10px; text-align:center;cursor:pointer; cursor:hand;width: 400px; height: 400px;\" src=\"http:\/\/1.bp.blogspot.com\/-m79fCV4G7p0\/T1nX0m-XI7I\/AAAAAAAABMY\/ZiE0jhqR4hw\/s400\/contracapa+P.JPG\" border=\"0\" alt=\"\" id=\"BLOGGER_PHOTO_ID_5717838500738835378\" \/><\/a>Bom dia, amigos cultos, ocultos e associados! Chegamos enfim a mais uma sexta-feira (cerveja, cerveja, cerveja&#8230;) . Acredito que na pr\u00f3xima semana as postagens ficar\u00e3o comprometidas diante ao fato de que estarei em viagem. Vou para Sampa, de l\u00e1 para o Rio e do Rio para a cidade de Tiradentes, aqui em Minas. Levarei o notebook, mas n\u00e3o sei se terei tempo para manter di\u00e1ria as nossas postagens. Foi tamb\u00e9m por conta dessas viagens que eu me lembrei de postar hoje um disco do cantor e compositor Deo Lopes. Este \u00e1lbum, assim como alguns outros, me foram emprestados pelo amigo Carlos Moraes, paulista que trocou a agitada S\u00e3o Paulo pela pacada Tiradentes (fora de temporada). Como irei no pr\u00f3ximo final de semana para l\u00e1, vou levar de volta esses discos. J\u00e1 faz mais de um ano que est\u00e3o comigo. Assim, antes devolver, deixa eu passar logo tudo aqui para o computador.<\/p>\n<div>O presente lp foi mais um bel\u00edssimo trabalho lan\u00e7ado pelo Deo, que pelo jeito de compor e tamb\u00e9m pelo seu repert\u00f3rio, me fazia crer ser uma artista mineiro. Suas produ\u00e7\u00f5es sempre foram independentes, numa \u00e9poca em que fazer um disco nessas condi\u00e7\u00f5es, n\u00e3o era para qualquer um. Seus \u00e1lbuns s\u00e3o criativos e bem elaborados, em todos os sentidos. Uma prova de que o artista independente pode fazer mais e melhor, sem necessariamente contar com o &#8216;apoio&#8217; de uma grande gravadora.  Ali\u00e1s, essas, diga-se de passagem, continuam pensando &#8216;monetariamente&#8217;. Cultura \u00e9 apenas um item agregado. Neste belo lp, de capa dupla e tudo mais, vamos encontrar doze can\u00e7\u00f5es variadas, entre composi\u00e7\u00f5es pr\u00f3prias, parcerias e de autores diversos. Destaca-se, obviamente, inclusive por dar nome ao disco, &#8220;Noite cheia de estr\u00ealas&#8221;, um cl\u00e1ssico da seresta, m\u00fasica de C\u00e2ndido das Neves. Mas h\u00e1 outras, as quais eu, pessoalmente, gosto muito. &#8220;Pra\u00e7a Ramos&#8221;, do Wandy &#8216;Prem\u00ea&#8217; \u00e9 \u00f3tima, notadamente inspirada em &#8220;Pra\u00e7a Cl\u00f3vis&#8221;, de Paulo Vanzolini; &#8220;Incelen\u00e7a para o amor retirante&#8221;, de Elomar, super bacanda. Outra que gosto muito \u00e9 &#8220;A\u00e7ude encantado&#8221;, de Waldir da Fonseca e Charles, gravado originalmente pelo Grupo Ra\u00edzes. Eu ouvia essa m\u00fasica direto nos anos 80. Bom, mas tem mais&#8230; o disco \u00e9 todo reluzente e isso, muito gra\u00e7as \u00e0 uma legi\u00e3o de m\u00fasicos, cantores e t\u00e9cnicos da melhor qualidade. N\u00e3o vou nem mencionar ou estender assunto, porque j\u00e1 estou atrasado. Confiem em mim e na bela capa, vale a pena ouvir de novo \ud83d\ude09<\/div>\n<div><\/div>\n<div style=\"text-align: center;\">noite cheia de estrelas<\/div>\n<div style=\"text-align: center;\">pra\u00e7a ramos<\/div>\n<div style=\"text-align: center;\">rela\u00e7\u00e3o natural<\/div>\n<div style=\"text-align: center;\">a resposta<\/div>\n<div style=\"text-align: center;\">toadinha cabocla<\/div>\n<div style=\"text-align: center;\">o sorriso da neguinha<\/div>\n<div style=\"text-align: center;\">conquistei a lua \/ linda garota<\/div>\n<div style=\"text-align: center;\">incelen\u00e7a para o amor retirante<\/div>\n<div style=\"text-align: center;\">as tr\u00eas estr\u00ealas<\/div>\n<div style=\"text-align: center;\">coisas da minha terra<\/div>\n<div style=\"text-align: center;\">a\u00e7ude encantado<\/div>\n<div style=\"text-align: center;\">bola de prata<\/div>\n<div style=\"text-align: center;\"><\/div>\n<div style=\"text-align: center;\"><\/div>\n","protected":false},"excerpt":{"rendered":"<p>Bom dia, amigos cultos, ocultos e associados! Chegamos enfim a mais uma sexta-feira (cerveja, cerveja, cerveja&#8230;) . Acredito que na pr\u00f3xima semana as postagens ficar\u00e3o comprometidas diante ao fato de que estarei em viagem. Vou para Sampa, de l\u00e1 para &hellip; <a href=\"https:\/\/www.toque-musicall.com\/?p=124\">Continue lendo <span class=\"meta-nav\">&rarr;<\/span><\/a><\/p>\n","protected":false},"author":1,"featured_media":0,"comment_status":"open","ping_status":"closed","sticky":false,"template":"","format":"standard","meta":{"footnotes":""},"categories":[228,25],"tags":[],"class_list":["post-124","post","type-post","status-publish","format-standard","hentry","category-deo-lopes","category-selo-independente"],"_links":{"self":[{"href":"https:\/\/www.toque-musicall.com\/index.php?rest_route=\/wp\/v2\/posts\/124","targetHints":{"allow":["GET"]}}],"collection":[{"href":"https:\/\/www.toque-musicall.com\/index.php?rest_route=\/wp\/v2\/posts"}],"about":[{"href":"https:\/\/www.toque-musicall.com\/index.php?rest_route=\/wp\/v2\/types\/post"}],"author":[{"embeddable":true,"href":"https:\/\/www.toque-musicall.com\/index.php?rest_route=\/wp\/v2\/users\/1"}],"replies":[{"embeddable":true,"href":"https:\/\/www.toque-musicall.com\/index.php?rest_route=%2Fwp%2Fv2%2Fcomments&post=124"}],"version-history":[{"count":0,"href":"https:\/\/www.toque-musicall.com\/index.php?rest_route=\/wp\/v2\/posts\/124\/revisions"}],"wp:attachment":[{"href":"https:\/\/www.toque-musicall.com\/index.php?rest_route=%2Fwp%2Fv2%2Fmedia&parent=124"}],"wp:term":[{"taxonomy":"category","embeddable":true,"href":"https:\/\/www.toque-musicall.com\/index.php?rest_route=%2Fwp%2Fv2%2Fcategories&post=124"},{"taxonomy":"post_tag","embeddable":true,"href":"https:\/\/www.toque-musicall.com\/index.php?rest_route=%2Fwp%2Fv2%2Ftags&post=124"}],"curies":[{"name":"wp","href":"https:\/\/api.w.org\/{rel}","templated":true}]}}