{"id":1256,"date":"2009-03-20T09:40:00","date_gmt":"2009-03-20T09:40:00","guid":{"rendered":"http:\/\/www.toque-musicall.com\/?p=1256"},"modified":"2009-03-20T09:40:00","modified_gmt":"2009-03-20T09:40:00","slug":"uma-noite-no-beco-1971","status":"publish","type":"post","link":"https:\/\/www.toque-musicall.com\/?p=1256","title":{"rendered":"Uma Noite No Beco (1971)"},"content":{"rendered":"<div align=\"left\"><a href=\"http:\/\/2.bp.blogspot.com\/_DSKVEvHtskc\/ScNwMbP3QcI\/AAAAAAAADio\/MNWKXIGOIEw\/s1600-h\/uma+noite+no+beco+P.JPG\"><img decoding=\"async\" id=\"BLOGGER_PHOTO_ID_5315215344002351554\" style=\"DISPLAY: block; MARGIN: 0px auto 10px; WIDTH: 400px; CURSOR: hand; HEIGHT: 400px; TEXT-ALIGN: center\" alt=\"\" src=\"http:\/\/2.bp.blogspot.com\/_DSKVEvHtskc\/ScNwMbP3QcI\/AAAAAAAADio\/MNWKXIGOIEw\/s400\/uma+noite+no+beco+P.JPG\" border=\"0\" \/><\/a>Para servir de inspira\u00e7\u00e3o nesta sexta-feira, dia nacional da boemia e da preregrina\u00e7\u00e3o pelos bares noturnos, estou trazendo para voc\u00eas mais um disquinho bacana, com todo o clima. Acredito que muitos aqui, principalmente aqueles que viveram a noite em Sampa, no final dos anos 60, ao se depararem com este disco v\u00e3o ter boas lembran\u00e7as de uma casa noturna que fez muito sucesso na \u00e9poca, a famosa &#8220;O Beco&#8221;. J\u00e1 pela capa se pode ter uma id\u00e9ia do que foi este lugar e das noitadas memor\u00e1veis, boa comida, boa bebida e principalmente boa m\u00fasica ao vivo, atrav\u00e9s dos seus intercalados &#8216;mini-shows&#8217;. Quem comandava a festa musical era o conjunto &#8220;Som beco&#8221;, dirigido pelo maestro Branco e seus &#8216;croones&#8217; Cristiano (para temas internacionais) e Djalma Dias (os nacionais). O toque feminino vinha da cantora Helen Blanco.<br \/>Este lp lan\u00e7ado pela Continental, nos d\u00e1 a exata sensa\u00e7\u00e3o de uma noite no Beco. Gravado ao vivo, com um repert\u00f3rio bem variado, privilegia a m\u00fasica pop da \u00e9poca. Apesar de ser um tema internacional, coloco em destaque a faixa &#8220;Isole Natale&#8221; de Brian Auger, que \u00e9 maravilhosa. Me faz lembra o grande Moacir Santos. Confiram o toque&#8230; \ud83d\ude09<\/div>\n<p><\/p>\n<div align=\"center\">t\u00e1 chegando fevereiro &#8211; djalma dias<\/div>\n<div align=\"center\">aquarius &#8211; cristiano<\/div>\n<div align=\"center\">fever &#8211; som beco<\/div>\n<div align=\"center\">se voc\u00ea pensa &#8211; helen blanco<\/div>\n<div align=\"center\">salve-se quem puder &#8211; djalma dias<\/div>\n<div align=\"center\">procurado tu &#8211; djalma dias<\/div>\n<div align=\"center\">curto de v\u00e9u e grinalda &#8211; helen blanco<\/div>\n<div align=\"center\">isola natale &#8211; som beco<\/div>\n<div align=\"center\">can&#8217;t buy me love &#8211; cristiano<\/div>\n<div align=\"center\">que cada um cumpra o seu dever &#8211; djalma dias<\/div>\n<div align=\"center\"><\/div>\n<div align=\"center\"><\/div>\n<div align=\"center\"> <\/div>\n<div align=\"center\"> <\/div>\n","protected":false},"excerpt":{"rendered":"<p>Para servir de inspira\u00e7\u00e3o nesta sexta-feira, dia nacional da boemia e da preregrina\u00e7\u00e3o pelos bares noturnos, estou trazendo para voc\u00eas mais um disquinho bacana, com todo o clima. Acredito que muitos aqui, principalmente aqueles que viveram a noite em Sampa, &hellip; <a href=\"https:\/\/www.toque-musicall.com\/?p=1256\">Continue lendo <span class=\"meta-nav\">&rarr;<\/span><\/a><\/p>\n","protected":false},"author":1,"featured_media":0,"comment_status":"open","ping_status":"closed","sticky":false,"template":"","format":"standard","meta":{"footnotes":""},"categories":[936,1479,1480,1478,1303],"tags":[],"class_list":["post-1256","post","type-post","status-publish","format-standard","hentry","category-djalma-dias","category-helen-blanco","category-som-beco","category-uma-noite-no-beco","category-variados"],"_links":{"self":[{"href":"https:\/\/www.toque-musicall.com\/index.php?rest_route=\/wp\/v2\/posts\/1256","targetHints":{"allow":["GET"]}}],"collection":[{"href":"https:\/\/www.toque-musicall.com\/index.php?rest_route=\/wp\/v2\/posts"}],"about":[{"href":"https:\/\/www.toque-musicall.com\/index.php?rest_route=\/wp\/v2\/types\/post"}],"author":[{"embeddable":true,"href":"https:\/\/www.toque-musicall.com\/index.php?rest_route=\/wp\/v2\/users\/1"}],"replies":[{"embeddable":true,"href":"https:\/\/www.toque-musicall.com\/index.php?rest_route=%2Fwp%2Fv2%2Fcomments&post=1256"}],"version-history":[{"count":0,"href":"https:\/\/www.toque-musicall.com\/index.php?rest_route=\/wp\/v2\/posts\/1256\/revisions"}],"wp:attachment":[{"href":"https:\/\/www.toque-musicall.com\/index.php?rest_route=%2Fwp%2Fv2%2Fmedia&parent=1256"}],"wp:term":[{"taxonomy":"category","embeddable":true,"href":"https:\/\/www.toque-musicall.com\/index.php?rest_route=%2Fwp%2Fv2%2Fcategories&post=1256"},{"taxonomy":"post_tag","embeddable":true,"href":"https:\/\/www.toque-musicall.com\/index.php?rest_route=%2Fwp%2Fv2%2Ftags&post=1256"}],"curies":[{"name":"wp","href":"https:\/\/api.w.org\/{rel}","templated":true}]}}