{"id":1258,"date":"2009-03-18T20:41:00","date_gmt":"2009-03-18T20:41:00","guid":{"rendered":"http:\/\/www.toque-musicall.com\/?p=1258"},"modified":"2009-03-18T20:41:00","modified_gmt":"2009-03-18T20:41:00","slug":"dom-ravel-marilia-maura-regininha-compactos","status":"publish","type":"post","link":"https:\/\/www.toque-musicall.com\/?p=1258","title":{"rendered":"Dom &#038; Ravel\/ Marilia Maura\/ Regininha &#8211; Compactos"},"content":{"rendered":"<p><a href=\"http:\/\/4.bp.blogspot.com\/_DSKVEvHtskc\/ScFea-210cI\/AAAAAAAADiY\/t2e5nl51iP8\/s1600-h\/regininha+p.JPG\"><img decoding=\"async\" id=\"BLOGGER_PHOTO_ID_5314632852916523458\" style=\"WIDTH: 320px; CURSOR: hand; HEIGHT: 320px\" alt=\"\" src=\"http:\/\/4.bp.blogspot.com\/_DSKVEvHtskc\/ScFea-210cI\/AAAAAAAADiY\/t2e5nl51iP8\/s320\/regininha+p.JPG\" border=\"0\" \/><\/a> <a href=\"http:\/\/3.bp.blogspot.com\/_DSKVEvHtskc\/ScFePbSmM0I\/AAAAAAAADiQ\/wVL-RQsJ-lw\/s1600-h\/Marilia+Maura+(1967)+P.JPG\"><img decoding=\"async\" id=\"BLOGGER_PHOTO_ID_5314632654390702914\" style=\"WIDTH: 320px; CURSOR: hand; HEIGHT: 318px\" alt=\"\" src=\"http:\/\/3.bp.blogspot.com\/_DSKVEvHtskc\/ScFePbSmM0I\/AAAAAAAADiQ\/wVL-RQsJ-lw\/s320\/Marilia+Maura+(1967)+P.JPG\" border=\"0\" \/><\/a><\/p>\n<div><a href=\"http:\/\/2.bp.blogspot.com\/_DSKVEvHtskc\/ScFeIQT5zcI\/AAAAAAAADiI\/swsZqkp7mIM\/s1600-h\/Dom&#038;Ravel+1972+f.JPG\"><img decoding=\"async\" id=\"BLOGGER_PHOTO_ID_5314632531184307650\" style=\"WIDTH: 319px; CURSOR: hand; HEIGHT: 320px\" alt=\"\" src=\"http:\/\/2.bp.blogspot.com\/_DSKVEvHtskc\/ScFeIQT5zcI\/AAAAAAAADiI\/swsZqkp7mIM\/s320\/Dom&#038;Ravel+1972+f.JPG\" border=\"0\" \/><\/a> <a href=\"http:\/\/4.bp.blogspot.com\/_DSKVEvHtskc\/ScFd2v5qbPI\/AAAAAAAADiA\/o7L6BfKsCh0\/s1600-h\/D&#038;R+1971p.JPG\"><img decoding=\"async\" id=\"BLOGGER_PHOTO_ID_5314632230426537202\" style=\"WIDTH: 321px; CURSOR: hand; HEIGHT: 320px\" alt=\"\" src=\"http:\/\/4.bp.blogspot.com\/_DSKVEvHtskc\/ScFd2v5qbPI\/AAAAAAAADiA\/o7L6BfKsCh0\/s320\/D&#038;R+1971p.JPG\" border=\"0\" \/><\/a><\/div>\n<div align=\"left\">Ol\u00e1 a todos! Hoje serei breve. Aproveito um intervalo para o nosso toque musical do dia. <\/div>\n<div align=\"left\">Para variar um pouco, farei a postagem de quatro compactos que eu chamaria de &#8216;beleza pura&#8217;. Selecionei dois compactos de sucessos da dupla nacionalista Dom e Ravel. Uma dessas m\u00fasicas, &#8220;Essa Menina T\u00e1 Ficando Mo\u00e7a&#8221;, eu acho o m\u00e1ximo. Outra, a emblem\u00e1tica &#8220;Voc\u00ea Tamb\u00e9m \u00c9 Respons\u00e1vel&#8221;, que no fundo \u00e9 bem bonita &#8211; o hino do Mobral. Os arranjos, tanto instrumental como vocal, garantem \u00e0 dupla uma simpatia que ultrapassa o preconceito sofrido nos anos 70.<\/div>\n<div align=\"left\">Do outro lado da balan\u00e7a vem as mo\u00e7as, Mar\u00edlia Maura e Regininha. A primeira, uma cantora da turma da Jovem Guarda conhecida apenas pelo sucesso da vers\u00e3o de &#8220;This Is My Song&#8221;, de Chaplin. Regininha \u00e9 de outra, da Turma da Pilantragem. Lembram deles tamb\u00e9m? \ud83d\ude42 Pois \u00e9 isso a\u00ed&#8230; divirtam-se&#8230; Comentem e complementem \ud83d\ude09<\/div>\n<div align=\"center\">.<\/div>\n<div align=\"left\"> <\/div>\n<div align=\"left\"><\/div>\n<div align=\"left\"><\/div>\n<div><\/div>\n<div align=\"center\"><\/div>\n<div align=\"center\">esta \u00e9 minha can\u00e7\u00e3o &#8211; mar\u00edlia maura<\/div>\n<div align=\"center\">eu e a noite &#8211; mar\u00edlia maura<\/div>\n<div align=\"center\">tem d\u00f3 &#8211; regininha e a turma da pilantragem<\/div>\n<div align=\"center\">d\u00f3 r\u00e9 mi\/primavera\/gosto que me enrosco &#8211; regininha e a turma da pilantragem<\/div>\n<div align=\"center\">essa menina t\u00e1 ficando mo\u00e7a &#8211; dom e ravel<\/div>\n<div align=\"center\">voc\u00ea tamb\u00e9m \u00e9 respons\u00e1vel &#8211; dom e ravel<\/div>\n<div align=\"center\">gl\u00f3ria aos jovens &#8211; dom e ravel<\/div>\n<div align=\"center\">casa vazia &#8211; dom e ravel<\/div>\n<div align=\"center\"><\/div>\n<div align=\"center\"><\/div>\n<div align=\"center\"><\/div>\n<div align=\"center\"><\/div>\n","protected":false},"excerpt":{"rendered":"<p>Ol\u00e1 a todos! Hoje serei breve. Aproveito um intervalo para o nosso toque musical do dia. Para variar um pouco, farei a postagem de quatro compactos que eu chamaria de &#8216;beleza pura&#8217;. Selecionei dois compactos de sucessos da dupla nacionalista &hellip; <a href=\"https:\/\/www.toque-musicall.com\/?p=1258\">Continue lendo <span class=\"meta-nav\">&rarr;<\/span><\/a><\/p>\n","protected":false},"author":1,"featured_media":0,"comment_status":"open","ping_status":"closed","sticky":false,"template":"","format":"standard","meta":{"footnotes":""},"categories":[1483,1482,431],"tags":[],"class_list":["post-1258","post","type-post","status-publish","format-standard","hentry","category-dom-e-ravel","category-marilia-maura","category-regininha-e-a-turma-da-pilantragem"],"_links":{"self":[{"href":"https:\/\/www.toque-musicall.com\/index.php?rest_route=\/wp\/v2\/posts\/1258","targetHints":{"allow":["GET"]}}],"collection":[{"href":"https:\/\/www.toque-musicall.com\/index.php?rest_route=\/wp\/v2\/posts"}],"about":[{"href":"https:\/\/www.toque-musicall.com\/index.php?rest_route=\/wp\/v2\/types\/post"}],"author":[{"embeddable":true,"href":"https:\/\/www.toque-musicall.com\/index.php?rest_route=\/wp\/v2\/users\/1"}],"replies":[{"embeddable":true,"href":"https:\/\/www.toque-musicall.com\/index.php?rest_route=%2Fwp%2Fv2%2Fcomments&post=1258"}],"version-history":[{"count":0,"href":"https:\/\/www.toque-musicall.com\/index.php?rest_route=\/wp\/v2\/posts\/1258\/revisions"}],"wp:attachment":[{"href":"https:\/\/www.toque-musicall.com\/index.php?rest_route=%2Fwp%2Fv2%2Fmedia&parent=1258"}],"wp:term":[{"taxonomy":"category","embeddable":true,"href":"https:\/\/www.toque-musicall.com\/index.php?rest_route=%2Fwp%2Fv2%2Fcategories&post=1258"},{"taxonomy":"post_tag","embeddable":true,"href":"https:\/\/www.toque-musicall.com\/index.php?rest_route=%2Fwp%2Fv2%2Ftags&post=1258"}],"curies":[{"name":"wp","href":"https:\/\/api.w.org\/{rel}","templated":true}]}}