{"id":1259,"date":"2009-03-17T09:19:00","date_gmt":"2009-03-17T09:19:00","guid":{"rendered":"http:\/\/www.toque-musicall.com\/?p=1259"},"modified":"2009-03-17T09:19:00","modified_gmt":"2009-03-17T09:19:00","slug":"teo-azevedo-grito-selvagem-1974","status":"publish","type":"post","link":"https:\/\/www.toque-musicall.com\/?p=1259","title":{"rendered":"Teo Azevedo &#8211; Grito Selvagem (1974)"},"content":{"rendered":"<div align=\"left\"><a href=\"http:\/\/4.bp.blogspot.com\/_DSKVEvHtskc\/Sb9wpzdbI0I\/AAAAAAAADh4\/KCpl4tL9Bsc\/s1600-h\/teo+-+grito+selvagem+-+f.JPG\"><img decoding=\"async\" id=\"BLOGGER_PHOTO_ID_5314089948811043650\" style=\"DISPLAY: block; MARGIN: 0px auto 10px; WIDTH: 397px; CURSOR: hand; HEIGHT: 400px; TEXT-ALIGN: center\" alt=\"\" src=\"http:\/\/4.bp.blogspot.com\/_DSKVEvHtskc\/Sb9wpzdbI0I\/AAAAAAAADh4\/KCpl4tL9Bsc\/s400\/teo+-+grito+selvagem+-+f.JPG\" border=\"0\" \/><\/a> Bom dia! Depois do dil\u00favio que caiu por aqui ontem, quase acabei perdendo a barca da salva\u00e7\u00e3o. Mas felizmente cheguei inteiro e ainda a tempo de preparar alguma coisa para hoje. <\/div>\n<div align=\"left\">Me lembrei de um disco curiosamente interessante que em outras encarna\u00e7\u00f5es eu postei por aqui, quer dizer, por a\u00ed :). Este arquivo eu recebi de um amigo, me apresentando as primeiras proezas de T\u00e9o Azevedo, filho do lend\u00e1rio violeiro de um bra\u00e7o s\u00f3 &#8211; &#8220;Seu Ti\u00f3fo&#8221; &#8211; cantador, aboiador e foli\u00e3o de reis do norte de Minas, que ficou eternizado na poesia de Carlos Drummond de Andrade. T\u00e9o \u00e9 a continua\u00e7\u00e3o do que foi seu pai e mais ainda. Um homem com uma hist\u00f3ria de vida riqu\u00edssima. Um artista popular no melhor do termo. Cantor, compositor, violeiro, repentista, escritor, poeta, folclorista, radialista e produtor musical. Foi T\u00e9o que descobriu e lan\u00e7ou o primeiro disco do homem da rabeca, Z\u00e9 C\u00f4co do Riach\u00e3o. Estou contando isso apenas para que se possa ter uma id\u00e9ia de seu valor art\u00edstico e principalmente sendo apresentado atrav\u00e9s deste que foi o seu primeiro disco.<\/div>\n<div align=\"left\"><\/div>\n<div align=\"left\">Este lp \u00e9 a s\u00edntese de um caboclo encantado com a cidade grande e com seus estilos e modismo. Dividido entre suas ra\u00edzes e sua nova vida nos centros urbanos de Rio e S\u00e3o Paulo. Ao ouvir as m\u00fasicas de &#8220;Grito Selvagem&#8221; e at\u00e9 mesmo pela capa do disco, fica dif\u00edcil imaginar a figura que hoje \u00e9 T\u00e9o Azevedo. N\u00e3o que ele tenha mudado, mas as guitarras roqueiras, o flerte tardio com a ent\u00e3o j\u00e1 ultrapassada Jovem Guarda e o cabel\u00e3o &#8216;black power&#8217;, s\u00e3o curiosidades que s\u00f3 se v\u00ea neste trabalho. T\u00e9o, como produtor, o relan\u00e7ou em cd a tempos atr\u00e1s, mas tamb\u00e9m numa tiragem muito reduzida. Confiram, pois \u00e9 bem interessante.<\/div>\n<div align=\"left\">PS.: Dedico esta postagem \u00e0 amiga Jacira, l\u00e1 de Milho Verde, que hoje \u00e0s 4 horas da manh\u00e3 veio a falecer, v\u00edtima de um c\u00e2ncer. Ela era uma mulher extremamente alegre. Dona da melhor pens\u00e3o e da melhor comida l\u00e1 daquele povoado do norte de Minas. Posso sentir daqui a tristeza que por l\u00e1 deve estar infinita. Vai com Deus, minha amiga. Sua miss\u00e3o agora \u00e9 no c\u00e9u. <\/div>\n<p><\/p>\n<div align=\"center\">eu tentei<\/div>\n<div align=\"center\">cego aderaldo<\/div>\n<div align=\"center\">adeus cear\u00e1<\/div>\n<div align=\"center\">assacumpero<\/div>\n<div align=\"center\">o novo de hoje j\u00e1 \u00e9 velho aqui<\/div>\n<div align=\"center\">man\u00e9 jo\u00e3o<\/div>\n<div align=\"center\">o eco do grito<\/div>\n<div align=\"center\">v\u00e1 pentear macaco<\/div>\n<div align=\"center\">calangueando<\/div>\n<div align=\"center\">cantador<\/div>\n<div align=\"center\"><\/div>\n<div align=\"center\"><\/div>\n<div align=\"center\"> <\/div>\n<div align=\"center\"> <\/div>\n","protected":false},"excerpt":{"rendered":"<p>Bom dia! Depois do dil\u00favio que caiu por aqui ontem, quase acabei perdendo a barca da salva\u00e7\u00e3o. Mas felizmente cheguei inteiro e ainda a tempo de preparar alguma coisa para hoje. Me lembrei de um disco curiosamente interessante que em &hellip; <a href=\"https:\/\/www.toque-musicall.com\/?p=1259\">Continue lendo <span class=\"meta-nav\">&rarr;<\/span><\/a><\/p>\n","protected":false},"author":1,"featured_media":0,"comment_status":"open","ping_status":"closed","sticky":false,"template":"","format":"standard","meta":{"footnotes":""},"categories":[1484],"tags":[],"class_list":["post-1259","post","type-post","status-publish","format-standard","hentry","category-teo-azevedo"],"_links":{"self":[{"href":"https:\/\/www.toque-musicall.com\/index.php?rest_route=\/wp\/v2\/posts\/1259","targetHints":{"allow":["GET"]}}],"collection":[{"href":"https:\/\/www.toque-musicall.com\/index.php?rest_route=\/wp\/v2\/posts"}],"about":[{"href":"https:\/\/www.toque-musicall.com\/index.php?rest_route=\/wp\/v2\/types\/post"}],"author":[{"embeddable":true,"href":"https:\/\/www.toque-musicall.com\/index.php?rest_route=\/wp\/v2\/users\/1"}],"replies":[{"embeddable":true,"href":"https:\/\/www.toque-musicall.com\/index.php?rest_route=%2Fwp%2Fv2%2Fcomments&post=1259"}],"version-history":[{"count":0,"href":"https:\/\/www.toque-musicall.com\/index.php?rest_route=\/wp\/v2\/posts\/1259\/revisions"}],"wp:attachment":[{"href":"https:\/\/www.toque-musicall.com\/index.php?rest_route=%2Fwp%2Fv2%2Fmedia&parent=1259"}],"wp:term":[{"taxonomy":"category","embeddable":true,"href":"https:\/\/www.toque-musicall.com\/index.php?rest_route=%2Fwp%2Fv2%2Fcategories&post=1259"},{"taxonomy":"post_tag","embeddable":true,"href":"https:\/\/www.toque-musicall.com\/index.php?rest_route=%2Fwp%2Fv2%2Ftags&post=1259"}],"curies":[{"name":"wp","href":"https:\/\/api.w.org\/{rel}","templated":true}]}}