{"id":126,"date":"2012-03-08T13:49:00","date_gmt":"2012-03-08T13:49:00","guid":{"rendered":"http:\/\/www.toque-musicall.com\/?p=126"},"modified":"2012-03-08T13:49:00","modified_gmt":"2012-03-08T13:49:00","slug":"sergio-ricardo-eu-nao-gosto-mais-de-mim-1960-2","status":"publish","type":"post","link":"https:\/\/www.toque-musicall.com\/?p=126","title":{"rendered":"S\u00e9rgio Ricardo &#8211; Eu N\u00e3o Gosto Mais De Mim (1960)"},"content":{"rendered":"<p><a href=\"http:\/\/1.bp.blogspot.com\/-s7tkXlW1IfY\/T1i5WBjyMUI\/AAAAAAAABMM\/uW2d5VIRxDY\/s1600\/sergio+Fp.JPG\"><img decoding=\"async\" style=\"display:block; margin:0px auto 10px; text-align:center;cursor:pointer; cursor:hand;width: 400px; height: 397px;\" src=\"http:\/\/1.bp.blogspot.com\/-s7tkXlW1IfY\/T1i5WBjyMUI\/AAAAAAAABMM\/uW2d5VIRxDY\/s400\/sergio+Fp.JPG\" alt=\"\" id=\"BLOGGER_PHOTO_ID_5717523514973630786\" border=\"0\" \/><\/a><br \/><a href=\"http:\/\/4.bp.blogspot.com\/-HMRSGYsCm1w\/T1i5QWhQquI\/AAAAAAAABMA\/-Z8K0WfiJYc\/s1600\/sergio+Bp.JPG\"><img decoding=\"async\" style=\"display:block; margin:0px auto 10px; text-align:center;cursor:pointer; cursor:hand;width: 400px; height: 396px;\" src=\"http:\/\/4.bp.blogspot.com\/-HMRSGYsCm1w\/T1i5QWhQquI\/AAAAAAAABMA\/-Z8K0WfiJYc\/s400\/sergio+Bp.JPG\" alt=\"\" id=\"BLOGGER_PHOTO_ID_5717523417520974562\" border=\"0\" \/><\/a>Bom dia a todos! Acho que estou precisando ir logo postando alguns discos que sempre ficam na boca de espera. Por um motivo ou outro, acabo deixando eles para tr\u00e1s e assim v\u00e3o ficando esquecidos e v\u00e3o parar na gaveta. Como voltei a rotina, ao corre corre da vida real, o tempo fica curto. Da\u00ed \u00e9 hora de mandar ver nos que j\u00e1 est\u00e3o prontos e os arquivos de gaveta.<br \/>Temos aqui um artista que eu gosto muito, Sergio Ricardo, embora poucas vezes eu tenha postados discos dele. A verdade \u00e9 que os seus discos j\u00e1 foram todos apresentados em outros blogs. Este, por exemplo, j\u00e1 vi no Loronix e tamb\u00e9m no Abracadabra. Mesmo assim, vou novamente traz\u00ea-lo a tona, bem porque, este \u00e9 um disco que ca\u00ed muito bem aqui no Toque Musical, voc\u00eas n\u00e3o acham? Lan\u00e7ado no auge da Era Bossa Nova, este foi mais um \u00e1lbum que hoje se tornou um cl\u00e1ssico. Embora &#8220;Eu n\u00e3o gosto mais de mim&#8221; tenha aqui todos os requisitos de disco de bossa, a gente percebe nele algo que foge \u00e0 cartilha da turma do banquinho e viol\u00e3o. Na verdade, o inc\u00f4modo \u00e9 do pr\u00f3prio artista, que a gente sabe, aos poucos foi pulando fora do r\u00f3tulo. M\u00fasicas como &#8220;Pernas&#8221;, &#8220;Aus\u00eancia de voc\u00ea&#8221;, &#8220;O nosso olhar&#8221;, &#8220;Puladinho&#8221; e outras, s\u00e3o bons exemplos da febre bossanovista, mas &#8220;Zel\u00e3o&#8221; \u00e9 mais, \u00e9 samba e \u00e9 tamb\u00e9m uma das m\u00fasicas mais expressivas do artista. Mas, independente de qualquer observa\u00e7\u00e3o, o disco \u00e9 num todo \u00f3timo. Quem ainda n\u00e3o teve o prazer de ouv\u00ed-lo, pode agora conferir. Por\u00e9m, tem que estar associado ao GTM. Quem ainda n\u00e3o o fez, leia com aten\u00e7\u00e3o o cabe\u00e7alho do blog, t\u00e1 tudo explicadinho \ud83d\ude09<\/p>\n<div style=\"text-align: center;\">pernas<br \/>n\u00e3o gosto mais de mim<br \/>m\u00e1xima culpa<br \/>poema azul<br \/>puladinho<br \/>aus\u00eancia de voc\u00ea<br \/>o nosso olhar<br \/>zel\u00e3o<br \/>bouquet de isabel<br \/>rel\u00f3gio da saudade<br \/>al\u00e9m do mais<br \/>amor ruim<\/p>\n<\/div>\n","protected":false},"excerpt":{"rendered":"<p>Bom dia a todos! Acho que estou precisando ir logo postando alguns discos que sempre ficam na boca de espera. Por um motivo ou outro, acabo deixando eles para tr\u00e1s e assim v\u00e3o ficando esquecidos e v\u00e3o parar na gaveta. &hellip; <a href=\"https:\/\/www.toque-musicall.com\/?p=126\">Continue lendo <span class=\"meta-nav\">&rarr;<\/span><\/a><\/p>\n","protected":false},"author":1,"featured_media":0,"comment_status":"open","ping_status":"closed","sticky":false,"template":"","format":"standard","meta":{"footnotes":""},"categories":[86,229],"tags":[],"class_list":["post-126","post","type-post","status-publish","format-standard","hentry","category-selo-odeon","category-sergio-ricardo"],"_links":{"self":[{"href":"https:\/\/www.toque-musicall.com\/index.php?rest_route=\/wp\/v2\/posts\/126","targetHints":{"allow":["GET"]}}],"collection":[{"href":"https:\/\/www.toque-musicall.com\/index.php?rest_route=\/wp\/v2\/posts"}],"about":[{"href":"https:\/\/www.toque-musicall.com\/index.php?rest_route=\/wp\/v2\/types\/post"}],"author":[{"embeddable":true,"href":"https:\/\/www.toque-musicall.com\/index.php?rest_route=\/wp\/v2\/users\/1"}],"replies":[{"embeddable":true,"href":"https:\/\/www.toque-musicall.com\/index.php?rest_route=%2Fwp%2Fv2%2Fcomments&post=126"}],"version-history":[{"count":0,"href":"https:\/\/www.toque-musicall.com\/index.php?rest_route=\/wp\/v2\/posts\/126\/revisions"}],"wp:attachment":[{"href":"https:\/\/www.toque-musicall.com\/index.php?rest_route=%2Fwp%2Fv2%2Fmedia&parent=126"}],"wp:term":[{"taxonomy":"category","embeddable":true,"href":"https:\/\/www.toque-musicall.com\/index.php?rest_route=%2Fwp%2Fv2%2Fcategories&post=126"},{"taxonomy":"post_tag","embeddable":true,"href":"https:\/\/www.toque-musicall.com\/index.php?rest_route=%2Fwp%2Fv2%2Ftags&post=126"}],"curies":[{"name":"wp","href":"https:\/\/api.w.org\/{rel}","templated":true}]}}