{"id":1262,"date":"2009-03-14T23:27:00","date_gmt":"2009-03-14T23:27:00","guid":{"rendered":"http:\/\/www.toque-musicall.com\/?p=1262"},"modified":"2009-03-14T23:27:00","modified_gmt":"2009-03-14T23:27:00","slug":"francisco-jose-outra-vez-cantando-as-mais-lindas-cancoes-1962","status":"publish","type":"post","link":"https:\/\/www.toque-musicall.com\/?p=1262","title":{"rendered":"Francisco Jos\u00e9 &#8211; Outra Vez Cantando As Mais Lindas Can\u00e7\u00f5es (1962)"},"content":{"rendered":"<div align=\"left\"><a href=\"http:\/\/1.bp.blogspot.com\/_DSKVEvHtskc\/Sbw-ebZtkTI\/AAAAAAAADhg\/7gM0M4WM8Ys\/s1600-h\/Francisco+Jos%C3%83%C2%A9+P.JPG\"><img decoding=\"async\" alt=\"\" border=\"0\" id=\"BLOGGER_PHOTO_ID_5313190352862941490\" src=\"http:\/\/1.bp.blogspot.com\/_DSKVEvHtskc\/Sbw-ebZtkTI\/AAAAAAAADhg\/7gM0M4WM8Ys\/s400\/Francisco+Jos%C3%A9+P.JPG\" style=\"cursor: hand; display: block; height: 396px; margin: 0px auto 10px; text-align: center; width: 400px;\" \/><\/a> Estou chegando agora da Feira de Vinil. Hoje foi osso! Literalmente suei a camisa para ganhar uns trocados. Foi pouco, mas eu me diverti bastante. Pelo menos desta vez eu foi quem ficou por conta do som. Fui o DJ, mas porincr\u00edvell que pare\u00e7a, n\u00e3o toquei vinil. Fiz apenas a sele\u00e7\u00e3o e mandei bala do IPod. Uma verdadeira salada mista, modestia a parte, regada com um fino repert\u00f3rio onde n\u00e3o faltou rock, pop, mpb, jazz e blues. Acho que todos gostaram. <\/div>\n<div align=\"left\">Al\u00e9m da pouca grana que lucrei ainda peguei uma gripe. Sei disso pelos sintomas &#8211; garganta ardendo e corpo doendo.Inevitavelmentee nos pr\u00f3ximos dias estarei dod\u00f3i. Eu j\u00e1 me conhe\u00e7o e sei bem o que vem por a\u00ed. Mas estou me cuidando para amenizar os efeitos. Vamos ver&#8230;<br \/>Hoje iremos com Francisco Jos\u00e9. Para os que n\u00e3o o conhece, ele foi um cantor portugu\u00eas que aportou por aqui nos anos 50. Atuava para a comunidade lusitana at\u00e9 o in\u00edcio dos anos 60, quando passa ent\u00e3o a gravar tamb\u00e9m compositores brasileiros. Com sua boa aceita\u00e7\u00e3o de p\u00fabico e cr\u00edtica, acaba por se estabelecer de vez no Brasil. Regressou definitivamente \u00e0 Portugal no inicio dos anos 80, falencendo antes do final desta d\u00e9cada.<\/div>\n<div align=\"left\">O LP que apresento foi seu segundo \u00e1lbum de sucesso no pa\u00eds. Um disco rom\u00e2ntico, recheado de vers\u00f5es que marcaram \u00e9poca, can\u00e7\u00f5es que aqui ganharam uma nova interpreta\u00e7\u00e3o e foi sucesso aqui e l\u00e1 &#8220;na terrinha&#8221;, como j\u00e1 dizia o Manoel, um portugu\u00eas dono da mercearia aqui perto de casa \ud83d\ude42<\/div>\n<p><\/p>\n<div align=\"center\">que queres tu de mim<\/div>\n<div align=\"center\">lua nova (luna rossa)<\/div>\n<div align=\"center\">arco \u00edris (over the rainbow)<\/div>\n<div align=\"center\">copacabana<\/div>\n<div align=\"center\">doce amargura (more)<\/div>\n<div align=\"center\">fado hil\u00e1rio<\/div>\n<div align=\"center\">rancho da pra\u00e7a onze<\/div>\n<div align=\"center\">\u00e9 t\u00e3o sublime o amor (love is a many splendored thing)<\/div>\n<div align=\"center\">noite de ronda (noche de ronda)<\/div>\n<div align=\"center\">creio em ti (i believe)<\/div>\n<div align=\"center\">beija-me muito (besame mucho)<\/div>\n<div align=\"center\">folhas de outono (les feuilles mortes)<\/div>\n<p><\/p>\n<div align=\"center\"><\/div>\n<div align=\"center\"><\/div>\n<div><\/div>\n","protected":false},"excerpt":{"rendered":"<p>Estou chegando agora da Feira de Vinil. Hoje foi osso! Literalmente suei a camisa para ganhar uns trocados. Foi pouco, mas eu me diverti bastante. Pelo menos desta vez eu foi quem ficou por conta do som. Fui o DJ, &hellip; <a href=\"https:\/\/www.toque-musicall.com\/?p=1262\">Continue lendo <span class=\"meta-nav\">&rarr;<\/span><\/a><\/p>\n","protected":false},"author":1,"featured_media":0,"comment_status":"open","ping_status":"closed","sticky":false,"template":"","format":"standard","meta":{"footnotes":""},"categories":[380,48],"tags":[],"class_list":["post-1262","post","type-post","status-publish","format-standard","hentry","category-francisco-jose","category-selo-philips"],"_links":{"self":[{"href":"https:\/\/www.toque-musicall.com\/index.php?rest_route=\/wp\/v2\/posts\/1262","targetHints":{"allow":["GET"]}}],"collection":[{"href":"https:\/\/www.toque-musicall.com\/index.php?rest_route=\/wp\/v2\/posts"}],"about":[{"href":"https:\/\/www.toque-musicall.com\/index.php?rest_route=\/wp\/v2\/types\/post"}],"author":[{"embeddable":true,"href":"https:\/\/www.toque-musicall.com\/index.php?rest_route=\/wp\/v2\/users\/1"}],"replies":[{"embeddable":true,"href":"https:\/\/www.toque-musicall.com\/index.php?rest_route=%2Fwp%2Fv2%2Fcomments&post=1262"}],"version-history":[{"count":0,"href":"https:\/\/www.toque-musicall.com\/index.php?rest_route=\/wp\/v2\/posts\/1262\/revisions"}],"wp:attachment":[{"href":"https:\/\/www.toque-musicall.com\/index.php?rest_route=%2Fwp%2Fv2%2Fmedia&parent=1262"}],"wp:term":[{"taxonomy":"category","embeddable":true,"href":"https:\/\/www.toque-musicall.com\/index.php?rest_route=%2Fwp%2Fv2%2Fcategories&post=1262"},{"taxonomy":"post_tag","embeddable":true,"href":"https:\/\/www.toque-musicall.com\/index.php?rest_route=%2Fwp%2Fv2%2Ftags&post=1262"}],"curies":[{"name":"wp","href":"https:\/\/api.w.org\/{rel}","templated":true}]}}