{"id":127,"date":"2012-03-07T13:25:00","date_gmt":"2012-03-07T13:25:00","guid":{"rendered":"http:\/\/www.toque-musicall.com\/?p=127"},"modified":"2012-03-07T13:25:00","modified_gmt":"2012-03-07T13:25:00","slug":"waldir-azevedo-ao-vivo-1979","status":"publish","type":"post","link":"https:\/\/www.toque-musicall.com\/?p=127","title":{"rendered":"Waldir Azevedo &#8211; Ao Vivo (1979)"},"content":{"rendered":"<p><a href=\"http:\/\/3.bp.blogspot.com\/-MTqvERx1YcA\/T1djs8q-rgI\/AAAAAAAABL0\/JirHLqFmiXg\/s1600\/capa+p.JPG\"><img decoding=\"async\" style=\"display:block; margin:0px auto 10px; text-align:center;cursor:pointer; cursor:hand;width: 400px; height: 400px;\" src=\"http:\/\/3.bp.blogspot.com\/-MTqvERx1YcA\/T1djs8q-rgI\/AAAAAAAABL0\/JirHLqFmiXg\/s400\/capa+p.JPG\" alt=\"\" id=\"BLOGGER_PHOTO_ID_5717147875821923842\" border=\"0\" \/><\/a><br \/><a href=\"http:\/\/2.bp.blogspot.com\/-pNzn0LEVHio\/T1diZYwXLTI\/AAAAAAAABLo\/rrdaKJVJ_Us\/s1600\/contracapa+P.JPG\"><img decoding=\"async\" style=\"display:block; margin:0px auto 10px; text-align:center;cursor:pointer; cursor:hand;width: 397px; height: 400px;\" src=\"http:\/\/2.bp.blogspot.com\/-pNzn0LEVHio\/T1diZYwXLTI\/AAAAAAAABLo\/rrdaKJVJ_Us\/s400\/contracapa+P.JPG\" alt=\"\" id=\"BLOGGER_PHOTO_ID_5717146440251682098\" border=\"0\" \/><\/a>Bom dia, amigos cultos, ocultos, associados e &#8216;mais perdidos que cego em tiroteio&#8217;! Aqui vamos n\u00f3s como mais uma postagem. Pelo jeito, muita gente ainda est\u00e1 de fora por pura falta de interesse em ler o cabe\u00e7alho do blog. O n\u00eago entra aqui e vai direto na torneirinha, da\u00ed percebe que n\u00e3o h\u00e1 mais link. Ao inv\u00e9s de ler as informa\u00e7\u00f5es do blog, prefere escrever pedindo link. Eu dou o toque, mas tem que ser no GTM. Em pouco mais de duas semanas j\u00e1 temos mais de 500 inscritos (olha a\u00ed, meu prezado, como eu disse, t\u00e1 bombando!). H\u00e1 uma certa dificuldade no in\u00edcio para entender o funcionamento das novas normas de utiliza\u00e7\u00e3o do blog, mas logo que se pega o jeito, percebe-se que ficou ainda melhor e mais f\u00e1cil interagir com o Toque Musical. N\u00e3o demora muito para que outros blogs sigam o mesmo caminho. Agora est\u00e1 perfeito \ud83d\ude09<br \/>Hoje temos para a nossa postagem um disco super legal, Waldir Azevedo, gravado ao vivo. Eu, geralmente, gosto de discos gravados ao vivo. Muitos ficam ainda melhor, sem falar no lado emo\u00e7\u00e3o, no momento em si&#8230; muito bom. Este \u00e1lbum foi gravado em 1979, quando ent\u00e3o o nosso grande compositor e instrumentista completava 30 anos de estrada. Foi um super show com a participa\u00e7\u00e3o de alguns de seus amigos e admiradores. &#8220;Uma roda de choro, onde o calor humano, o sentimento e a emo\u00e7\u00e3o nasceram puros e simples, sem estrelismos nem truque. Uma festa por tudo que Waldir Azevedo fez pela m\u00fasica brasileira&#8221;. Como se pode ver, pela capa, temos participando do encontro as ilustres figuras de Ademilde Fonseca; Paulinho da Viola; Osmar (do Trio El\u00e9trico); Paulo Moura; Rafael Rabelo, C\u00e9sar Faria; Celso Machado; Copinha; Carlos Poyares, Isaias e Seus Chor\u00f5es e Arthur Moreira Lima. Que tim\u00e3o, heim? N\u00e3o d\u00e1 para ficar sem ouvir esse disco. A m\u00fasica &#8220;Pedacinhos de c\u00e9u&#8221; tem aqui uma interpreta\u00e7\u00e3o improvisada e emocionante, no piano de Arthur Moreira Lima, o sax de Paulo Moura e o viol\u00e3o de Celso Machado. Esta m\u00fasica ocupa todo o lado B do disco. Vamos conferir?<\/p>\n<div style=\"text-align: center;\">m\u00e1goas de um cavaquinho<br \/>minhas m\u00e3os, meu cavaquinho<br \/>camundongo<br \/>acerte o passo<br \/>choro negro<br \/>carinhoso<br \/>viagem<br \/>vassourinhas<br \/>pedacinho de c\u00e9u<\/div>\n","protected":false},"excerpt":{"rendered":"<p>Bom dia, amigos cultos, ocultos, associados e &#8216;mais perdidos que cego em tiroteio&#8217;! Aqui vamos n\u00f3s como mais uma postagem. Pelo jeito, muita gente ainda est\u00e1 de fora por pura falta de interesse em ler o cabe\u00e7alho do blog. O &hellip; <a href=\"https:\/\/www.toque-musicall.com\/?p=127\">Continue lendo <span class=\"meta-nav\">&rarr;<\/span><\/a><\/p>\n","protected":false},"author":1,"featured_media":0,"comment_status":"open","ping_status":"closed","sticky":false,"template":"","format":"standard","meta":{"footnotes":""},"categories":[217,74],"tags":[],"class_list":["post-127","post","type-post","status-publish","format-standard","hentry","category-selo-chantecler","category-waldir-azevedo"],"_links":{"self":[{"href":"https:\/\/www.toque-musicall.com\/index.php?rest_route=\/wp\/v2\/posts\/127","targetHints":{"allow":["GET"]}}],"collection":[{"href":"https:\/\/www.toque-musicall.com\/index.php?rest_route=\/wp\/v2\/posts"}],"about":[{"href":"https:\/\/www.toque-musicall.com\/index.php?rest_route=\/wp\/v2\/types\/post"}],"author":[{"embeddable":true,"href":"https:\/\/www.toque-musicall.com\/index.php?rest_route=\/wp\/v2\/users\/1"}],"replies":[{"embeddable":true,"href":"https:\/\/www.toque-musicall.com\/index.php?rest_route=%2Fwp%2Fv2%2Fcomments&post=127"}],"version-history":[{"count":0,"href":"https:\/\/www.toque-musicall.com\/index.php?rest_route=\/wp\/v2\/posts\/127\/revisions"}],"wp:attachment":[{"href":"https:\/\/www.toque-musicall.com\/index.php?rest_route=%2Fwp%2Fv2%2Fmedia&parent=127"}],"wp:term":[{"taxonomy":"category","embeddable":true,"href":"https:\/\/www.toque-musicall.com\/index.php?rest_route=%2Fwp%2Fv2%2Fcategories&post=127"},{"taxonomy":"post_tag","embeddable":true,"href":"https:\/\/www.toque-musicall.com\/index.php?rest_route=%2Fwp%2Fv2%2Ftags&post=127"}],"curies":[{"name":"wp","href":"https:\/\/api.w.org\/{rel}","templated":true}]}}