{"id":1271,"date":"2009-03-06T10:37:00","date_gmt":"2009-03-06T10:37:00","guid":{"rendered":"http:\/\/www.toque-musicall.com\/?p=1271"},"modified":"2009-03-06T10:37:00","modified_gmt":"2009-03-06T10:37:00","slug":"isaura-garcia-1973","status":"publish","type":"post","link":"https:\/\/www.toque-musicall.com\/?p=1271","title":{"rendered":"Isaura Garcia (1973)"},"content":{"rendered":"<div align=\"left\"><a href=\"http:\/\/3.bp.blogspot.com\/_DSKVEvHtskc\/SbEFlPIft_I\/AAAAAAAADcg\/FUIp6pVclfA\/s1600-h\/Isaura+Garcia+-+1973+P.JPG\"><img decoding=\"async\" id=\"BLOGGER_PHOTO_ID_5310031572921989106\" style=\"DISPLAY: block; MARGIN: 0px auto 10px; WIDTH: 400px; CURSOR: hand; HEIGHT: 392px; TEXT-ALIGN: center\" alt=\"\" src=\"http:\/\/3.bp.blogspot.com\/_DSKVEvHtskc\/SbEFlPIft_I\/AAAAAAAADcg\/FUIp6pVclfA\/s400\/Isaura+Garcia+-+1973+P.JPG\" border=\"0\" \/><\/a>Ol\u00e1 amigos cultos e ocultos! Tenho percebido que muitos dos que visitam o blog n\u00e3o fazem id\u00e9ia da extens\u00e3o do que temos aqui. Me refiro, obviamente, ao acervo que j\u00e1 tem uma m\u00e9dia de mil t\u00edtulos raros e variados. Acho que nem mesmo colocando na lateral um &#8216;slide show&#8217; fez a maioria se tocar para este fato. Por essa e por outras \u00e9 que vou adotar a repostagem em bloco, como fiz com os discos de carnaval. Como dizem, a propaganda \u00e9 a alma do neg\u00f3cio. Mas que fique claro, o &#8216;neg\u00f3cio&#8217; por aqui n\u00e3o \u00e9 pirataria. Aqui s\u00f3 se fatura amizades \ud83d\ude09<br \/>Por falar em pirata (n\u00e3o em pirataria) voc\u00eas j\u00e1 conhecem o Partido Pirata? Tem um link logo a\u00ed ao lado. Clic nele e se intere da coisa. Saiba mais sobre esse movimento que aos poucos vem se caracterizando como uma for\u00e7a pol\u00edtica.<br \/>Hoje vamos de Isaura Garcia, retornando ao nosso blog neste disco que eu particularmente acho \u00f3timo. Mais um bom trabalho de remasteriza\u00e7\u00e3o do meu amigo Chris, que rapidamente trabalhou os arquivos para que eu pudesse traz\u00ea-los para voc\u00eas.<br \/>Para variar, tanto no lp quanto pela rede, as informa\u00e7\u00f5es s\u00e3o zero. A Continental lan\u00e7ou este disco, pelo que parece, na maior pregui\u00e7a. Ficou numa capinha simples, extremamente realista e sem nenhuma informa\u00e7\u00e3o al\u00e9m da listagem das m\u00fasicas contidas no disco. Pela rede, olhando rapidamente, tamb\u00e9m n\u00e3o encontrei nada relevante que pudesse ser acrescentado. Assim, fica valendo apenas o meu lac\u00f4nico e particular parecer. Um disco excelente com um repert\u00f3rio que inclu\u00ed coisas de Antonio Carlos e Jocafi, Lucio Cardim, Haroldo Barbosa, entre outros&#8230; O que mais me chama a aten\u00e7\u00e3o s\u00e3o os arranjos. Lindos e perfeitos! Como disse, no \u00e1lbum n\u00e3o h\u00e1 informa\u00e7\u00f5es, mas tendo a acreditar que neste disco tamb\u00e9m est\u00e3o os dedos do Walter Wanderley. Muito bom, confiram j\u00e1!<\/p>\n<div align=\"center\">eu canto<\/div>\n<div align=\"center\">meu chorinho<\/div>\n<div align=\"center\">mensagem<\/div>\n<div align=\"center\">mundo de amor<\/div>\n<div align=\"center\">o bic\u00e3o<\/div>\n<div align=\"center\">o homem comum<\/div>\n<div align=\"center\">desmazelo<\/div>\n<div align=\"center\">de conversa em conversa<\/div>\n<div align=\"center\">desespero<\/div>\n<div align=\"center\">felicidade \u00e9 isso a\u00ed&#8230;<\/div>\n<div align=\"center\">troca id\u00edlio<\/div>\n<div align=\"center\">manh\u00e3 de sol<\/div>\n<\/div>\n","protected":false},"excerpt":{"rendered":"<p>Ol\u00e1 amigos cultos e ocultos! Tenho percebido que muitos dos que visitam o blog n\u00e3o fazem id\u00e9ia da extens\u00e3o do que temos aqui. Me refiro, obviamente, ao acervo que j\u00e1 tem uma m\u00e9dia de mil t\u00edtulos raros e variados. Acho &hellip; <a href=\"https:\/\/www.toque-musicall.com\/?p=1271\">Continue lendo <span class=\"meta-nav\">&rarr;<\/span><\/a><\/p>\n","protected":false},"author":1,"featured_media":0,"comment_status":"open","ping_status":"closed","sticky":false,"template":"","format":"standard","meta":{"footnotes":""},"categories":[713],"tags":[],"class_list":["post-1271","post","type-post","status-publish","format-standard","hentry","category-isaura-garcia"],"_links":{"self":[{"href":"https:\/\/www.toque-musicall.com\/index.php?rest_route=\/wp\/v2\/posts\/1271","targetHints":{"allow":["GET"]}}],"collection":[{"href":"https:\/\/www.toque-musicall.com\/index.php?rest_route=\/wp\/v2\/posts"}],"about":[{"href":"https:\/\/www.toque-musicall.com\/index.php?rest_route=\/wp\/v2\/types\/post"}],"author":[{"embeddable":true,"href":"https:\/\/www.toque-musicall.com\/index.php?rest_route=\/wp\/v2\/users\/1"}],"replies":[{"embeddable":true,"href":"https:\/\/www.toque-musicall.com\/index.php?rest_route=%2Fwp%2Fv2%2Fcomments&post=1271"}],"version-history":[{"count":0,"href":"https:\/\/www.toque-musicall.com\/index.php?rest_route=\/wp\/v2\/posts\/1271\/revisions"}],"wp:attachment":[{"href":"https:\/\/www.toque-musicall.com\/index.php?rest_route=%2Fwp%2Fv2%2Fmedia&parent=1271"}],"wp:term":[{"taxonomy":"category","embeddable":true,"href":"https:\/\/www.toque-musicall.com\/index.php?rest_route=%2Fwp%2Fv2%2Fcategories&post=1271"},{"taxonomy":"post_tag","embeddable":true,"href":"https:\/\/www.toque-musicall.com\/index.php?rest_route=%2Fwp%2Fv2%2Ftags&post=1271"}],"curies":[{"name":"wp","href":"https:\/\/api.w.org\/{rel}","templated":true}]}}