{"id":1272,"date":"2009-03-05T22:21:00","date_gmt":"2009-03-05T22:21:00","guid":{"rendered":"http:\/\/www.toque-musicall.com\/?p=1272"},"modified":"2009-03-05T22:21:00","modified_gmt":"2009-03-05T22:21:00","slug":"setima-feira-do-vinil-cds-independentes","status":"publish","type":"post","link":"https:\/\/www.toque-musicall.com\/?p=1272","title":{"rendered":"S\u00e9tima Feira do Vinil &#038; Cds Independentes"},"content":{"rendered":"<p><a href=\"http:\/\/1.bp.blogspot.com\/_DSKVEvHtskc\/SbBQqPx2eqI\/AAAAAAAADcY\/eZ0HRDgHF9s\/s1600-h\/feira+7.JPG\"><img decoding=\"async\" id=\"BLOGGER_PHOTO_ID_5309832647390165666\" style=\"DISPLAY: block; MARGIN: 0px auto 10px; WIDTH: 400px; CURSOR: hand; HEIGHT: 276px; TEXT-ALIGN: center\" alt=\"\" src=\"http:\/\/1.bp.blogspot.com\/_DSKVEvHtskc\/SbBQqPx2eqI\/AAAAAAAADcY\/eZ0HRDgHF9s\/s400\/feira+7.JPG\" border=\"0\" \/><\/a> Aten\u00e7\u00e3o colecionadores, pesquisadores, amantes do vinil ou do cd! DJ&#8217;s e m\u00fasicos em geral. Todos ligados na feira do disco que acontece em Belo Horizonte, promovida pela Discoteca P\u00fablica, no s\u00e1bado, dia 14 de mar\u00e7o. \u00c9 divers\u00e3o garantida para todo o dia. Vai ter compra, venda, troca e outros neg\u00f3cios. Nesta, at\u00e9 eu vou participar e garimpar algumas coisas boas aqui para o Toque Musical. Serei o representante dos ausentes. Quem quiser conferir na agulha o que rola por aqui, \u00e9 s\u00f3 baixar na minha banca que vai encontrar. Muita raridade, venham ver e ouvir com a gente \ud83d\ude09<\/p>\n","protected":false},"excerpt":{"rendered":"<p>Aten\u00e7\u00e3o colecionadores, pesquisadores, amantes do vinil ou do cd! DJ&#8217;s e m\u00fasicos em geral. Todos ligados na feira do disco que acontece em Belo Horizonte, promovida pela Discoteca P\u00fablica, no s\u00e1bado, dia 14 de mar\u00e7o. \u00c9 divers\u00e3o garantida para todo &hellip; <a href=\"https:\/\/www.toque-musicall.com\/?p=1272\">Continue lendo <span class=\"meta-nav\">&rarr;<\/span><\/a><\/p>\n","protected":false},"author":1,"featured_media":0,"comment_status":"open","ping_status":"closed","sticky":false,"template":"","format":"standard","meta":{"footnotes":""},"categories":[658],"tags":[],"class_list":["post-1272","post","type-post","status-publish","format-standard","hentry","category-extras"],"_links":{"self":[{"href":"https:\/\/www.toque-musicall.com\/index.php?rest_route=\/wp\/v2\/posts\/1272","targetHints":{"allow":["GET"]}}],"collection":[{"href":"https:\/\/www.toque-musicall.com\/index.php?rest_route=\/wp\/v2\/posts"}],"about":[{"href":"https:\/\/www.toque-musicall.com\/index.php?rest_route=\/wp\/v2\/types\/post"}],"author":[{"embeddable":true,"href":"https:\/\/www.toque-musicall.com\/index.php?rest_route=\/wp\/v2\/users\/1"}],"replies":[{"embeddable":true,"href":"https:\/\/www.toque-musicall.com\/index.php?rest_route=%2Fwp%2Fv2%2Fcomments&post=1272"}],"version-history":[{"count":0,"href":"https:\/\/www.toque-musicall.com\/index.php?rest_route=\/wp\/v2\/posts\/1272\/revisions"}],"wp:attachment":[{"href":"https:\/\/www.toque-musicall.com\/index.php?rest_route=%2Fwp%2Fv2%2Fmedia&parent=1272"}],"wp:term":[{"taxonomy":"category","embeddable":true,"href":"https:\/\/www.toque-musicall.com\/index.php?rest_route=%2Fwp%2Fv2%2Fcategories&post=1272"},{"taxonomy":"post_tag","embeddable":true,"href":"https:\/\/www.toque-musicall.com\/index.php?rest_route=%2Fwp%2Fv2%2Ftags&post=1272"}],"curies":[{"name":"wp","href":"https:\/\/api.w.org\/{rel}","templated":true}]}}