{"id":1273,"date":"2009-03-05T09:22:00","date_gmt":"2009-03-05T09:22:00","guid":{"rendered":"http:\/\/www.toque-musicall.com\/?p=1273"},"modified":"2009-03-05T09:22:00","modified_gmt":"2009-03-05T09:22:00","slug":"festival-n-1-musidisc-1955","status":"publish","type":"post","link":"https:\/\/www.toque-musicall.com\/?p=1273","title":{"rendered":"Festival N. 1 &#8211; Musidisc (1955)"},"content":{"rendered":"<p><a href=\"http:\/\/4.bp.blogspot.com\/_DSKVEvHtskc\/Sa-iNUrxb1I\/AAAAAAAADcQ\/W7s1-cqlRQY\/s1600-h\/Festival+P.JPG\"><img decoding=\"async\" id=\"BLOGGER_PHOTO_ID_5309640835467407186\" style=\"DISPLAY: block; MARGIN: 0px auto 10px; WIDTH: 400px; CURSOR: hand; HEIGHT: 399px; TEXT-ALIGN: center\" alt=\"\" src=\"http:\/\/4.bp.blogspot.com\/_DSKVEvHtskc\/Sa-iNUrxb1I\/AAAAAAAADcQ\/W7s1-cqlRQY\/s400\/Festival+P.JPG\" border=\"0\" \/><\/a> Correndo contra o rel\u00f3gio, aqui estou eu com a postagem do dia. Muito sol, calor e trabalho \u00e9 o que indica minha agenda para as pr\u00f3ximas doze horas. Assim, vamos direto ao que interessa&#8230;<br \/>&#8220;Festival N. 1&#8221; foi o vig\u00e9simo disco lan\u00e7ado pela gravadora Musidisc do cantor Nilo S\u00e9rgio. Uma colet\u00e2nea feita para alavancar o sucesso do ent\u00e3o recente selo nacional. Como se pode ver pela capa, temos um variado &#8216;cast&#8217; e grava\u00e7\u00f5es que segundo contam, ainda n\u00e3o eram feitas no est\u00fadio da Musidisc, mas sim editados a partir de acetatos gravados na R\u00e1dio Nacional e outros. Me parece que apenas as faixas com acompanhamento de Leo Peracchi s\u00e3o originadas nesta gravadora. A data de lan\u00e7amento deste disquinho n\u00e3o consta em lugar nenhum, acredito que tenha sido por volta de 1955 ou 56. A Musidisc foi uma das pioneiras. Acho que foi a primeira gravadora nacional, se n\u00e3o me engano. Neste momento seria bom poder contar com os nossos vigilantes &#8216;corrigidores&#8217; e acad\u00eamicos de plant\u00e3o, incluindo alguns coment\u00e1rios complementares. Mas acho que eles n\u00e3o vir\u00e3o se misturar com a plebe. Suas visitas, normalmente, s\u00e3o silenciosas&#8230;<\/p>\n<div align=\"center\">rosa de maio &#8211; orlando silva c\/ leo peracchi e orquestra<\/div>\n<div align=\"center\">tico-tico no fub\u00e1 &#8211; leal brito<\/div>\n<div align=\"center\">jo\u00e3o ningu\u00e9m &#8211; roberto luna c\/ leo peracchi e orquestra<\/div>\n<div align=\"center\">mano a mano &#8211; t\u00edpica d&#8217;avlis<\/div>\n<div align=\"center\">canarinho feliz &#8211; trio surdina<\/div>\n<div align=\"center\">contigo &#8211; roberto luna c\/ leo peracchi e orquestra<\/div>\n<div align=\"center\">que deus me perdoe &#8211; ros\u00e1ria meireles c\/ leo peracchi e orquestra<\/div>\n<div align=\"center\">risque &#8211; nilo sergio c\/ leo peracchi e orquestra<\/div>\n<div align=\"center\"><\/div>\n<div align=\"center\"><\/div>\n<div align=\"center\"> <\/div>\n<div align=\"center\"> <\/div>\n","protected":false},"excerpt":{"rendered":"<p>Correndo contra o rel\u00f3gio, aqui estou eu com a postagem do dia. Muito sol, calor e trabalho \u00e9 o que indica minha agenda para as pr\u00f3ximas doze horas. Assim, vamos direto ao que interessa&#8230;&#8220;Festival N. 1&#8221; foi o vig\u00e9simo disco &hellip; <a href=\"https:\/\/www.toque-musicall.com\/?p=1273\">Continue lendo <span class=\"meta-nav\">&rarr;<\/span><\/a><\/p>\n","protected":false},"author":1,"featured_media":0,"comment_status":"open","ping_status":"closed","sticky":false,"template":"","format":"standard","meta":{"footnotes":""},"categories":[1345,1495,450,863,9,744,1496,1497,737],"tags":[],"class_list":["post-1273","post","type-post","status-publish","format-standard","hentry","category-britinho","category-festival-no1","category-leo-peracchi","category-nilo-sergio","category-orlando-silveira","category-roberto-luna","category-rosaria-meireles","category-tipica-davlis","category-trio-surdina"],"_links":{"self":[{"href":"https:\/\/www.toque-musicall.com\/index.php?rest_route=\/wp\/v2\/posts\/1273","targetHints":{"allow":["GET"]}}],"collection":[{"href":"https:\/\/www.toque-musicall.com\/index.php?rest_route=\/wp\/v2\/posts"}],"about":[{"href":"https:\/\/www.toque-musicall.com\/index.php?rest_route=\/wp\/v2\/types\/post"}],"author":[{"embeddable":true,"href":"https:\/\/www.toque-musicall.com\/index.php?rest_route=\/wp\/v2\/users\/1"}],"replies":[{"embeddable":true,"href":"https:\/\/www.toque-musicall.com\/index.php?rest_route=%2Fwp%2Fv2%2Fcomments&post=1273"}],"version-history":[{"count":0,"href":"https:\/\/www.toque-musicall.com\/index.php?rest_route=\/wp\/v2\/posts\/1273\/revisions"}],"wp:attachment":[{"href":"https:\/\/www.toque-musicall.com\/index.php?rest_route=%2Fwp%2Fv2%2Fmedia&parent=1273"}],"wp:term":[{"taxonomy":"category","embeddable":true,"href":"https:\/\/www.toque-musicall.com\/index.php?rest_route=%2Fwp%2Fv2%2Fcategories&post=1273"},{"taxonomy":"post_tag","embeddable":true,"href":"https:\/\/www.toque-musicall.com\/index.php?rest_route=%2Fwp%2Fv2%2Ftags&post=1273"}],"curies":[{"name":"wp","href":"https:\/\/api.w.org\/{rel}","templated":true}]}}