{"id":1276,"date":"2009-03-02T09:30:00","date_gmt":"2009-03-02T09:30:00","guid":{"rendered":"http:\/\/www.toque-musicall.com\/?p=1276"},"modified":"2009-03-02T09:30:00","modified_gmt":"2009-03-02T09:30:00","slug":"armando-do-solovox-e-seu-conjunto-armando-e-seu-solovox-maravilhoso-1964","status":"publish","type":"post","link":"https:\/\/www.toque-musicall.com\/?p=1276","title":{"rendered":"Armando Do Solovox E Seu Conjunto &#8211; Armando E Seu Solovox Maravilhoso (1964)"},"content":{"rendered":"<div align=\"left\"><a href=\"http:\/\/2.bp.blogspot.com\/_DSKVEvHtskc\/SauuY4Ypb9I\/AAAAAAAADb4\/Jytvdk7ZzzE\/s1600-h\/armando+P.JPG\"><img decoding=\"async\" alt=\"\" border=\"0\" id=\"BLOGGER_PHOTO_ID_5308528328262119378\" src=\"http:\/\/2.bp.blogspot.com\/_DSKVEvHtskc\/SauuY4Ypb9I\/AAAAAAAADb4\/Jytvdk7ZzzE\/s400\/armando+P.JPG\" style=\"cursor: hand; display: block; height: 398px; margin: 0px auto 10px; text-align: center; width: 400px;\" \/><\/a>Ontem, ao come\u00e7ar a preparar este disco para a postagem de hoje, fui procurar na rede outras informa\u00e7\u00f5es, al\u00e9m do texto da contracapa. Vasculhei por todos os sites poss\u00edveis e de todas as maneiras. N\u00e3o consegui muita coisa, nem o ano de lan\u00e7amento do lp. Armando, o &#8220;Rei do Solovox&#8221; \u00e9 hoje um ilustre desconhecido. Ele foi um instrumentista\/tecladista que fez um relativo sucesso no final dos anos 50 e durante os 60, tocando em diversas casas noturnas do Rio de Janeiro e S\u00e3o Paulo. Seu diferencial era o Solovox, um pequeno teclado eletr\u00f4nico de 03 oitavas, o qual ele tocava juntamente com o piano. O tal tecladinho fazia sucesso pela sua singularidade sonora. Muitos foram os artistas que o usaram, caracterizado-o como um instrumento de \u00e9poca. Pelo pouco que sei, Armando (de Souza Lima) gravou outros discos antes e depois deste. Consta na contracapa que este seria um \u00e1lbum de retorno ap\u00f3s alguns anos afastado das grava\u00e7\u00f5es. Suponho, pelo repert\u00f3rio principalmente, que este disco tenha sido lan\u00e7ado no in\u00edcio dos anos 60. S\u00e3o m\u00fasicas, em sua maioria internacionais, bem ao clima do Solovox. Apenas tr\u00eas faixas s\u00e3o nacionais, sendo duas composi\u00e7\u00f5es pr\u00f3prias e a outra, &#8220;Samba do ba-da-tu-blim de Pepe e Jos\u00e9 Bezerra. Tocam com Armando o conjunto formado por Vivaldo Medeiros na guitarra, Otello Zuccolo no acordeon, Gug\u00fa no contrabaixo, B\u00f4to na bateria e Rochinha na parte r\u00edtmica.<\/div>\n<div align=\"left\">Numa pr\u00f3xima oportunidade postarei outros discos dele, da fase final como Armando&#8217;s Trio. H\u00e1 algum tempo atr\u00e1s recebi como colabora\u00e7\u00e3o, atrav\u00e9s de um dos nossos visitantes, o disco &#8220;Som de Boate&#8221;, gravado em 69. Vou procurar e se voc\u00eas gostarem, ele volta, ok? Divirtam-se&#8230;<\/div>\n<p><\/p>\n<div align=\"center\">wabash blues<\/div>\n<div align=\"center\">aur\u00e9lia<\/div>\n<div align=\"center\">it might as well be spring<\/div>\n<div align=\"center\">i&#8217;ll close my eyes<\/div>\n<div align=\"center\">don&#8217;t blame me<\/div>\n<div align=\"center\">il nostro concerto<\/div>\n<div align=\"center\">rio<\/div>\n<div align=\"center\">ti guarder\u00f2 nel cuore<\/div>\n<div align=\"center\">love is a many splendored thing<\/div>\n<div align=\"center\">samba do ba-da-tu-blim<\/div>\n<div align=\"center\">halem noturno<\/div>\n<div align=\"center\">roberta<\/div>\n<div align=\"center\"><\/div>\n<div align=\"center\"><\/div>\n<div align=\"center\"><\/div>\n<div align=\"center\"><\/div>\n","protected":false},"excerpt":{"rendered":"<p>Ontem, ao come\u00e7ar a preparar este disco para a postagem de hoje, fui procurar na rede outras informa\u00e7\u00f5es, al\u00e9m do texto da contracapa. Vasculhei por todos os sites poss\u00edveis e de todas as maneiras. N\u00e3o consegui muita coisa, nem o &hellip; <a href=\"https:\/\/www.toque-musicall.com\/?p=1276\">Continue lendo <span class=\"meta-nav\">&rarr;<\/span><\/a><\/p>\n","protected":false},"author":1,"featured_media":0,"comment_status":"open","ping_status":"closed","sticky":false,"template":"","format":"standard","meta":{"footnotes":""},"categories":[323,325,324,152],"tags":[],"class_list":["post-1276","post","type-post","status-publish","format-standard","hentry","category-armando-do-solovox","category-armando-y-su-solovox","category-armandos-trio","category-selo-copacabana"],"_links":{"self":[{"href":"https:\/\/www.toque-musicall.com\/index.php?rest_route=\/wp\/v2\/posts\/1276","targetHints":{"allow":["GET"]}}],"collection":[{"href":"https:\/\/www.toque-musicall.com\/index.php?rest_route=\/wp\/v2\/posts"}],"about":[{"href":"https:\/\/www.toque-musicall.com\/index.php?rest_route=\/wp\/v2\/types\/post"}],"author":[{"embeddable":true,"href":"https:\/\/www.toque-musicall.com\/index.php?rest_route=\/wp\/v2\/users\/1"}],"replies":[{"embeddable":true,"href":"https:\/\/www.toque-musicall.com\/index.php?rest_route=%2Fwp%2Fv2%2Fcomments&post=1276"}],"version-history":[{"count":0,"href":"https:\/\/www.toque-musicall.com\/index.php?rest_route=\/wp\/v2\/posts\/1276\/revisions"}],"wp:attachment":[{"href":"https:\/\/www.toque-musicall.com\/index.php?rest_route=%2Fwp%2Fv2%2Fmedia&parent=1276"}],"wp:term":[{"taxonomy":"category","embeddable":true,"href":"https:\/\/www.toque-musicall.com\/index.php?rest_route=%2Fwp%2Fv2%2Fcategories&post=1276"},{"taxonomy":"post_tag","embeddable":true,"href":"https:\/\/www.toque-musicall.com\/index.php?rest_route=%2Fwp%2Fv2%2Ftags&post=1276"}],"curies":[{"name":"wp","href":"https:\/\/api.w.org\/{rel}","templated":true}]}}