{"id":1277,"date":"2009-03-01T16:07:00","date_gmt":"2009-03-01T16:07:00","guid":{"rendered":"http:\/\/www.toque-musicall.com\/?p=1277"},"modified":"2009-03-01T16:07:00","modified_gmt":"2009-03-01T16:07:00","slug":"festival-do-rio-as-dez-mais-lindas-cancoes-de-amor-1960","status":"publish","type":"post","link":"https:\/\/www.toque-musicall.com\/?p=1277","title":{"rendered":"Festival Do Rio &#8211; As Dez Mais Lindas Can\u00e7\u00f5es De Amor (1960)"},"content":{"rendered":"<p><a href=\"http:\/\/3.bp.blogspot.com\/_DSKVEvHtskc\/Saq09W6dKcI\/AAAAAAAADbo\/tMiymegdZKI\/s1600-h\/Festival+Rio+P.JPG\"><img decoding=\"async\" alt=\"\" border=\"0\" id=\"BLOGGER_PHOTO_ID_5308254077025331650\" src=\"http:\/\/3.bp.blogspot.com\/_DSKVEvHtskc\/Saq09W6dKcI\/AAAAAAAADbo\/tMiymegdZKI\/s400\/Festival+Rio+P.JPG\" style=\"cursor: hand; display: block; height: 400px; margin: 0px auto 10px; text-align: center; width: 397px;\" \/><\/a>Ol\u00e1 a todos! Minha postagem de hoje \u00e9 uma homenagem \u00e0 cidade de S\u00e3o Sebasti\u00e3o do Rio de Janeiro. Festejando seus 444 anos, a Cidade Maravilhosa continua linda e a cada dia mais jovem. Parabenizo a cidade e a todos os seus felizardos habitantes! Salve o Rio!<br \/>A primeira vez que fui ao Rio levei um &#8216;tapa&#8217; de deslumbramento. Fiquei encantado com sua geografia, suas praias, arquitetura e todo esse jeito malandro (no melhor dos bons sentidos) do carioca. O Rio \u00e9 demais. N\u00e3o fosse hoje o grau da viol\u00eancia uma coisa t\u00e3o vis\u00edvel, era l\u00e1 uma das cidades que eu gostaria de viver. Salve o Rio!<br \/>Para comemorar, temos aqui o &#8220;Festival do Rio&#8221;, \u00e1lbum lan\u00e7ado pelo selo Copacabana em1960. Nele encontramos, conforme o subt\u00edtulo, &#8220;As dez mais lindas can\u00e7\u00f5es de amor&#8221;. S\u00e3o composi\u00e7\u00f5es rom\u00e2nticas de autores consagrados como Lamartine Babo, Ary Barroso, Dolores Duran e outros. Para este repert\u00f3rio foram convocados dez int\u00e9rpretes, cantores n\u00e3o apenas da Copacabana, mas tamb\u00e9m da Continental, RGE e Sideral. As orquestra\u00e7\u00f5es e reg\u00eancia ficam a cargo dos maestros Pachequinho e Guaran\u00e1, al\u00e9m do c\u00f4ro de Joab Teixeira e participa\u00e7\u00e3o da Orquestra Copacabana.<\/p>\n<div align=\"center\">poema do adeus &#8211; miltinho<\/div>\n<div align=\"center\">ternura antiga &#8211; luciene franco<\/div>\n<div align=\"center\">ser\u00e1 tarde &#8211; ernani filho<\/div>\n<div align=\"center\">procura sonhar comigo esta noite &#8211; carlos jos\u00e9<\/div>\n<div align=\"center\">eu n\u00e3o tenho para onde ir &#8211; agnaldo rayol<\/div>\n<div align=\"center\">ressurrei\u00e7\u00e3o dos velhos carnavais &#8211; roberto silva<\/div>\n<div align=\"center\">seu amor, voc\u00ea &#8211; lenita bruno<\/div>\n<div align=\"center\">can\u00e7\u00e3o em tom maior &#8211; ted moreno<\/div>\n<div align=\"center\">afinal, chegaste &#8211; zez\u00e9 gonzaga<\/div>\n<div align=\"center\">o c\u00e9u vir\u00e1 depois &#8211; jorge goulart<\/div>\n<div align=\"center\"><\/div>\n<div align=\"center\"><\/div>\n<div align=\"center\"><\/div>\n<div align=\"center\"><\/div>\n","protected":false},"excerpt":{"rendered":"<p>Ol\u00e1 a todos! Minha postagem de hoje \u00e9 uma homenagem \u00e0 cidade de S\u00e3o Sebasti\u00e3o do Rio de Janeiro. Festejando seus 444 anos, a Cidade Maravilhosa continua linda e a cada dia mais jovem. Parabenizo a cidade e a todos &hellip; <a href=\"https:\/\/www.toque-musicall.com\/?p=1277\">Continue lendo <span class=\"meta-nav\">&rarr;<\/span><\/a><\/p>\n","protected":false},"author":1,"featured_media":0,"comment_status":"open","ping_status":"closed","sticky":false,"template":"","format":"standard","meta":{"footnotes":""},"categories":[732,835,1502,1501,84,847,1500,554,262,152,1357,338],"tags":[],"class_list":["post-1277","post","type-post","status-publish","format-standard","hentry","category-agnaldo-rayol","category-carlos-jose","category-ernani-filho","category-festival-do-rio","category-jorge-goulart","category-lenita-bruno","category-luciene-franco","category-miltinho","category-roberto-silva","category-selo-copacabana","category-ted-moreno","category-zeze-gonzaga"],"_links":{"self":[{"href":"https:\/\/www.toque-musicall.com\/index.php?rest_route=\/wp\/v2\/posts\/1277","targetHints":{"allow":["GET"]}}],"collection":[{"href":"https:\/\/www.toque-musicall.com\/index.php?rest_route=\/wp\/v2\/posts"}],"about":[{"href":"https:\/\/www.toque-musicall.com\/index.php?rest_route=\/wp\/v2\/types\/post"}],"author":[{"embeddable":true,"href":"https:\/\/www.toque-musicall.com\/index.php?rest_route=\/wp\/v2\/users\/1"}],"replies":[{"embeddable":true,"href":"https:\/\/www.toque-musicall.com\/index.php?rest_route=%2Fwp%2Fv2%2Fcomments&post=1277"}],"version-history":[{"count":0,"href":"https:\/\/www.toque-musicall.com\/index.php?rest_route=\/wp\/v2\/posts\/1277\/revisions"}],"wp:attachment":[{"href":"https:\/\/www.toque-musicall.com\/index.php?rest_route=%2Fwp%2Fv2%2Fmedia&parent=1277"}],"wp:term":[{"taxonomy":"category","embeddable":true,"href":"https:\/\/www.toque-musicall.com\/index.php?rest_route=%2Fwp%2Fv2%2Fcategories&post=1277"},{"taxonomy":"post_tag","embeddable":true,"href":"https:\/\/www.toque-musicall.com\/index.php?rest_route=%2Fwp%2Fv2%2Ftags&post=1277"}],"curies":[{"name":"wp","href":"https:\/\/api.w.org\/{rel}","templated":true}]}}