{"id":1278,"date":"2009-02-28T12:08:00","date_gmt":"2009-02-28T12:08:00","guid":{"rendered":"http:\/\/www.toque-musicall.com\/?p=1278"},"modified":"2009-02-28T12:08:00","modified_gmt":"2009-02-28T12:08:00","slug":"ataulfo-alves-nova-historia-da-musica-popular-brasileira-1978","status":"publish","type":"post","link":"https:\/\/www.toque-musicall.com\/?p=1278","title":{"rendered":"Ataulfo Alves &#8211; Nova Hist\u00f3ria da M\u00fasica Popular Brasileira (1978)"},"content":{"rendered":"<div align=\"left\"><a href=\"http:\/\/1.bp.blogspot.com\/_DSKVEvHtskc\/Sakp0oknacI\/AAAAAAAADbg\/lCuwjNeMm5s\/s1600-h\/ataulfo+P.JPG\"><img decoding=\"async\" style=\"TEXT-ALIGN: center; MARGIN: 0px auto 10px; WIDTH: 376px; DISPLAY: block; HEIGHT: 400px; CURSOR: hand\" id=\"BLOGGER_PHOTO_ID_5307819620053772738\" border=\"0\" alt=\"\" src=\"http:\/\/1.bp.blogspot.com\/_DSKVEvHtskc\/Sakp0oknacI\/AAAAAAAADbg\/lCuwjNeMm5s\/s400\/ataulfo+P.JPG\" \/><\/a> Ol\u00e1 a todos! Vamos aos poucos voltando \u00e0 normalidade, pois como diz o outro, o ano s\u00f3 come\u00e7a depois do Carnaval. Acho que \u00e9 talvez por isso que o ano nunca come\u00e7a direito, pois continuamos contaminados pela folia. Nossa m\u00fasica nos faz lembra disso o tempo todo. Principalmente o samba e as marchinhas que viraram sin\u00f4nimo de Carnaval.<\/div>\n<div align=\"left\">Logo no inicio do ano comecei a postar os \u00e1lbuns da cole\u00e7\u00e3o Nova Historia da MPB. Por\u00e9m, diante \u00e0 tantos fatos recentes e uma tremenda &#8216;fala\u00e7\u00e3o&#8217;, achei por bem dar uma &#8216;manerada&#8217;. Vamos a partir de agora espa\u00e7ar ainda mais os intervalos entre um volume e outro. Para aqueles que quiserem eu poderei enviar por e-mail links tempor\u00e1rios dos \u00e1lbuns, na medida em que eu os for digitalizando. Para isso, basta que a pessoa envie um e-mail fazendo a solicita\u00e7\u00e3o. Criarei uma listagem exclusiva somente para este caso, em especial.<br \/>Temos ent\u00e3o, mais um volume (na ordem alfab\u00e9tica) da cole\u00e7\u00e3o. Desta vez com o grande (literalmente) Ataulfo Alves. Figurinha j\u00e1 bastante apresentada no Toque Musical, volta agora em oito faixas interpretadas por outros grandes nomes da MPB e muita hist\u00f3ria pra contar. Aproveitem&#8230;<\/div>\n<p><\/p>\n<div align=\"center\">mulata assanhada &#8211; miltinho<\/div>\n<div align=\"center\">errei, erramos &#8211; orlando silva<\/div>\n<div align=\"center\">a voc\u00ea &#8211; carlos galhardo<\/div>\n<div align=\"center\">atire a primeira pedra &#8211; orlando silva<\/div>\n<div align=\"center\">ai, que saudade da am\u00e9lia &#8211; ataulfo e academia do samba<\/div>\n<div align=\"center\">saudade dela &#8211; silvio caldas<\/div>\n<div align=\"center\">len\u00e7o branco &#8211; ataulfo alves<\/div>\n<div align=\"center\">meus tempos de crian\u00e7a &#8211; ataulfo jr.<\/div>\n<div align=\"center\"><\/div>\n<div align=\"center\"><\/div>\n<div align=\"center\"><\/div>\n<div align=\"center\"><\/div>\n","protected":false},"excerpt":{"rendered":"<p>Ol\u00e1 a todos! Vamos aos poucos voltando \u00e0 normalidade, pois como diz o outro, o ano s\u00f3 come\u00e7a depois do Carnaval. Acho que \u00e9 talvez por isso que o ano nunca come\u00e7a direito, pois continuamos contaminados pela folia. Nossa m\u00fasica &hellip; <a href=\"https:\/\/www.toque-musicall.com\/?p=1278\">Continue lendo <span class=\"meta-nav\">&rarr;<\/span><\/a><\/p>\n","protected":false},"author":1,"featured_media":0,"comment_status":"open","ping_status":"closed","sticky":false,"template":"","format":"standard","meta":{"footnotes":""},"categories":[101,850,138,1330,554,85,12],"tags":[],"class_list":["post-1278","post","type-post","status-publish","format-standard","hentry","category-ataulfo-alves","category-ataulfo-jr","category-carlos-galhardo","category-colecoes","category-miltinho","category-orlando-silva","category-silvio-caldas"],"_links":{"self":[{"href":"https:\/\/www.toque-musicall.com\/index.php?rest_route=\/wp\/v2\/posts\/1278","targetHints":{"allow":["GET"]}}],"collection":[{"href":"https:\/\/www.toque-musicall.com\/index.php?rest_route=\/wp\/v2\/posts"}],"about":[{"href":"https:\/\/www.toque-musicall.com\/index.php?rest_route=\/wp\/v2\/types\/post"}],"author":[{"embeddable":true,"href":"https:\/\/www.toque-musicall.com\/index.php?rest_route=\/wp\/v2\/users\/1"}],"replies":[{"embeddable":true,"href":"https:\/\/www.toque-musicall.com\/index.php?rest_route=%2Fwp%2Fv2%2Fcomments&post=1278"}],"version-history":[{"count":0,"href":"https:\/\/www.toque-musicall.com\/index.php?rest_route=\/wp\/v2\/posts\/1278\/revisions"}],"wp:attachment":[{"href":"https:\/\/www.toque-musicall.com\/index.php?rest_route=%2Fwp%2Fv2%2Fmedia&parent=1278"}],"wp:term":[{"taxonomy":"category","embeddable":true,"href":"https:\/\/www.toque-musicall.com\/index.php?rest_route=%2Fwp%2Fv2%2Fcategories&post=1278"},{"taxonomy":"post_tag","embeddable":true,"href":"https:\/\/www.toque-musicall.com\/index.php?rest_route=%2Fwp%2Fv2%2Ftags&post=1278"}],"curies":[{"name":"wp","href":"https:\/\/api.w.org\/{rel}","templated":true}]}}