{"id":1279,"date":"2009-02-27T10:25:00","date_gmt":"2009-02-27T10:25:00","guid":{"rendered":"http:\/\/www.toque-musicall.com\/?p=1279"},"modified":"2009-02-27T10:25:00","modified_gmt":"2009-02-27T10:25:00","slug":"duplas-famosas-coletanea-caipira-1988","status":"publish","type":"post","link":"https:\/\/www.toque-musicall.com\/?p=1279","title":{"rendered":"Duplas Famosas &#8211; Colet\u00e2nea Caipira (1988)"},"content":{"rendered":"<p><a href=\"http:\/\/1.bp.blogspot.com\/_DSKVEvHtskc\/Safad8aQi0I\/AAAAAAAADbY\/6Fa-qcRpxU4\/s1600-h\/duplas+famosas+P.JPG\"><img decoding=\"async\" id=\"BLOGGER_PHOTO_ID_5307450893846743874\" style=\"DISPLAY: block; MARGIN: 0px auto 10px; WIDTH: 397px; CURSOR: hand; HEIGHT: 400px; TEXT-ALIGN: center\" alt=\"\" src=\"http:\/\/1.bp.blogspot.com\/_DSKVEvHtskc\/Safad8aQi0I\/AAAAAAAADbY\/6Fa-qcRpxU4\/s400\/duplas+famosas+P.JPG\" border=\"0\" \/><\/a> A postagem de hoje \u00e9 muito especial. \u00c9 uma singela homenagem \u00e0 minha querida m\u00e3e falecida nesta data, a dois anos atr\u00e1s. Nunca pensei que pudesse sentir tanta falta dela assim. M\u00e3e \u00e9 m\u00e3e. Um ser especial. N\u00e3o \u00e9 humano, n\u00e3o \u00e9 mulher&#8230; \u00e9 t\u00e3o somente m\u00e3e. Me lembrei de algumas m\u00fasicas que ela gostava de cantar. Na verdade eram tantas e de t\u00e3o variado gosto musical, acho que foi da\u00ed que herdei isso dela. Duas das can\u00e7\u00f5es que ela gostava de cantar est\u00e3o neste lp, &#8220;Meu primeiro amor&#8221; e &#8220;\u00cdndia&#8221;, com Cascatinha e Inhana. Sem d\u00favida, maravilhosas. Neste momento \u00e9 inevit\u00e1vel que algumas l\u00e1grimas corram pelo meu rosto. M\u00e3e \u00e9 m\u00e3e&#8230;<br \/>Assim sendo, temos esta colet\u00e2nea reunindo tr\u00eas da mais aut\u00eanticas duplas, que eu chamaria carinhosamente de caipiras. S\u00e3o figuras das mais importantes no nosso cancioneiro popular. N\u00e3o preciso nem repetir, est\u00e1 na capa, n\u00e9? Este disco foi lan\u00e7ado pela Som Livre em 88. A capa, obviamente, n\u00e3o \u00e9 esta. Sua criatividade tamb\u00e9m n\u00e3o fica longe dessa feita agora &#8216;a toque de caixa&#8217;. Somente no \u00faltimo minuto foi que encontrei a original. Mas vai ficar valendo a minha &#8216;arte&#8217;,  hehehe&#8230; Quanto ao repert\u00f3rio, confira a\u00ed&#8230;<\/p>\n<div align=\"center\">meu primeiro amor &#8211; cascatinha e inhana<\/div>\n<div align=\"center\">desafio de perguntas &#8211; alvarenga e ranchinho<\/div>\n<div align=\"center\">canoeiro &#8211; tonico e tinoco<\/div>\n<div align=\"center\">la paloma &#8211; cascatiha e inhana<\/div>\n<div align=\"center\">hor\u00f3scopo &#8211; alvarenga e ranchinho<\/div>\n<div align=\"center\">violeiro &#8211; tonico e tinoco<\/div>\n<div align=\"center\">mister eco &#8211; alvarenga e ranchinho<\/div>\n<div align=\"center\">triste destino &#8211; cascatinha e inhana<\/div>\n<div align=\"center\">aparecida do norte &#8211; tonico e tinoco<\/div>\n<div align=\"center\">soletrando &#8211; alvarenga e ranchinho<\/div>\n<div align=\"center\">\u00edndia &#8211; cascatinha e inhana<\/div>\n<div align=\"center\">berranteiro &#8211; tonico e tinoco<\/div>\n<div align=\"center\"><\/div>\n<div align=\"center\"><\/div>\n<div align=\"center\"> <\/div>\n<div align=\"center\"> <\/div>\n","protected":false},"excerpt":{"rendered":"<p>A postagem de hoje \u00e9 muito especial. \u00c9 uma singela homenagem \u00e0 minha querida m\u00e3e falecida nesta data, a dois anos atr\u00e1s. Nunca pensei que pudesse sentir tanta falta dela assim. M\u00e3e \u00e9 m\u00e3e. Um ser especial. N\u00e3o \u00e9 humano, &hellip; <a href=\"https:\/\/www.toque-musicall.com\/?p=1279\">Continue lendo <span class=\"meta-nav\">&rarr;<\/span><\/a><\/p>\n","protected":false},"author":1,"featured_media":0,"comment_status":"open","ping_status":"closed","sticky":false,"template":"","format":"standard","meta":{"footnotes":""},"categories":[824,1503,892],"tags":[],"class_list":["post-1279","post","type-post","status-publish","format-standard","hentry","category-alvarenga-e-ranchinho","category-cascatinha-e-inhana","category-tonico-e-tinoco"],"_links":{"self":[{"href":"https:\/\/www.toque-musicall.com\/index.php?rest_route=\/wp\/v2\/posts\/1279","targetHints":{"allow":["GET"]}}],"collection":[{"href":"https:\/\/www.toque-musicall.com\/index.php?rest_route=\/wp\/v2\/posts"}],"about":[{"href":"https:\/\/www.toque-musicall.com\/index.php?rest_route=\/wp\/v2\/types\/post"}],"author":[{"embeddable":true,"href":"https:\/\/www.toque-musicall.com\/index.php?rest_route=\/wp\/v2\/users\/1"}],"replies":[{"embeddable":true,"href":"https:\/\/www.toque-musicall.com\/index.php?rest_route=%2Fwp%2Fv2%2Fcomments&post=1279"}],"version-history":[{"count":0,"href":"https:\/\/www.toque-musicall.com\/index.php?rest_route=\/wp\/v2\/posts\/1279\/revisions"}],"wp:attachment":[{"href":"https:\/\/www.toque-musicall.com\/index.php?rest_route=%2Fwp%2Fv2%2Fmedia&parent=1279"}],"wp:term":[{"taxonomy":"category","embeddable":true,"href":"https:\/\/www.toque-musicall.com\/index.php?rest_route=%2Fwp%2Fv2%2Fcategories&post=1279"},{"taxonomy":"post_tag","embeddable":true,"href":"https:\/\/www.toque-musicall.com\/index.php?rest_route=%2Fwp%2Fv2%2Ftags&post=1279"}],"curies":[{"name":"wp","href":"https:\/\/api.w.org\/{rel}","templated":true}]}}