{"id":1282,"date":"2009-02-24T13:04:00","date_gmt":"2009-02-24T13:04:00","guid":{"rendered":"http:\/\/www.toque-musicall.com\/?p=1282"},"modified":"2009-02-24T13:04:00","modified_gmt":"2009-02-24T13:04:00","slug":"ases-do-ritmo-ritmos-do-brasil-em-estereo-1958","status":"publish","type":"post","link":"https:\/\/www.toque-musicall.com\/?p=1282","title":{"rendered":"Ases Do Ritmo &#8211; Ritmos Do Brasil Em Est\u00e9reo (1958)"},"content":{"rendered":"<p><a href=\"http:\/\/1.bp.blogspot.com\/_DSKVEvHtskc\/SaRQVkxIp_I\/AAAAAAAADaw\/8j8wv6mZ1yg\/s1600-h\/Ases+do+Ritmo+-+Ritmos+do+Brasil+em+Est%C3%83%C2%A9reo+(198)+P.JPG\"><img decoding=\"async\" id=\"BLOGGER_PHOTO_ID_5306454592526526450\" style=\"DISPLAY: block; MARGIN: 0px auto 10px; WIDTH: 400px; CURSOR: hand; HEIGHT: 400px; TEXT-ALIGN: center\" alt=\"\" src=\"http:\/\/1.bp.blogspot.com\/_DSKVEvHtskc\/SaRQVkxIp_I\/AAAAAAAADaw\/8j8wv6mZ1yg\/s400\/Ases+do+Ritmo+-+Ritmos+do+Brasil+em+Est%C3%A9reo+(198)+P.JPG\" border=\"0\" \/><\/a>Ol\u00e1 amigos foli\u00f5es! Embora hoje seja o verdadeiro dia do Carnaval, eu acho que j\u00e1 podemos dar uma desacelerada. \u00c9 sabido que nessa \u00e9poca as pessoas abusam e excedem em todos os sentidos.<\/p>\n<div>Por isso, vou dar uma &#8216;manerada&#8217; nas marchinhas. N\u00e3o quero ser o culpado se algu\u00e9m morrer de overdose musical carnavalesca. Se formos considerar as repostagens, tivemos na semana uns 35 discos para o Carnaval. \u00c9 mole ou querem mais? Contudo, n\u00e3o vamos sair do ritmo, pois o balan\u00e7o \u00e9 muito bom.<\/div>\n<div>Por falar em ritmo, hoje iremos com Os Ases do Ritmo no lp &#8220;Ritmos do Brasil em est\u00e9reo&#8221;. Este \u00e1lbum tem uma grande peculiaridade que \u00e9 o fato de ter sido o primeiro disco gravado em som estereof\u00f4nico. Na segunda metade da d\u00e9cada de 50, come\u00e7am a chegar no Brasil o sistema de equipamentos de alta fidelidade (High Fidelity ou Hi- Fi). Logo em seguida viria a estereofonia, que estr\u00e9ia no Brasil em 1958, justamente com o lp \u201cRitmos do Brasil em Stereo\u201d pela RCA Victor. Este seria ent\u00e3o o primeiro exemplar estereof\u00f4nico totalmente nacional, com m\u00fasicas e instrumentistas brasileiros. Os discos gravados no novo sistema dual n\u00e3o demoraram mais que dez anos para suplantar totalmente os tradicionais em mono. Os primeiros lan\u00e7amentos em est\u00e9reo de 1958 a 1963 se tornaram pe\u00e7as raras e valiosas para colecionadores no mundo inteiro. Um \u00e1lbum como este, em bom estado, est\u00e1 cotado a uma faixa de 150 d\u00f3lares. \u00c9 poss\u00edvel encontr\u00e1-lo mais barato, eu mesmo j\u00e1 vi alguns em sebos do Rio, Sampa e BH. <\/div>\n<div>O \u00e1lbum, como se pode ver logo a baixo, apresenta um repert\u00f3rio fino e escolhido a dedo. Podemos dizer inclusive que ele foi o primeiro a incluir o \u00edcone musical da Bossa Nova, &#8220;Chega de saudade&#8221;, que ao som est\u00e9reof\u00f4nico fica ainda mais deslumbrante. Disso tudo s\u00f3 faltou uma coisa. Sabermos mais sobre o grupo Ases do Ritmo. No texto da contracapa n\u00e3o h\u00e1 essa informa\u00e7\u00e3o. Pela rede tamb\u00e9m ficamos na mesma, eu n\u00e3o achei nada relevante ou revelador. Preferi deixar esta quest\u00e3o em aberto para que nossos acad\u00eamicos de plant\u00e3o nos oriente. Este \u00e9 um bom motivo para coment\u00e1rios, n\u00e3o acham?<\/div>\n<div>.<\/div>\n<div><\/div>\n<div align=\"center\">falsa baiana<\/div>\n<div align=\"center\">lamento<\/div>\n<div align=\"center\">bai\u00e3o<\/div>\n<div align=\"center\">chega de saudade<\/div>\n<div align=\"center\">os quindins de iai\u00e1<\/div>\n<div align=\"center\">1 x 0<\/div>\n<div align=\"center\">se acaso voc\u00ea chegasse<\/div>\n<div align=\"center\">atira a primeira pedra<\/div>\n<div align=\"center\">kal\u00fa<\/div>\n<div align=\"center\">cai, cai&#8230;<\/div>\n<div align=\"center\">copacabana<\/div>\n<div align=\"center\">andr\u00e9 de sapato novo<\/div>\n<div align=\"center\"><\/div>\n<div align=\"center\"><\/div>\n<div align=\"center\"><\/div>\n<div align=\"center\"><\/div>\n","protected":false},"excerpt":{"rendered":"<p>Ol\u00e1 amigos foli\u00f5es! Embora hoje seja o verdadeiro dia do Carnaval, eu acho que j\u00e1 podemos dar uma desacelerada. \u00c9 sabido que nessa \u00e9poca as pessoas abusam e excedem em todos os sentidos. Por isso, vou dar uma &#8216;manerada&#8217; nas &hellip; <a href=\"https:\/\/www.toque-musicall.com\/?p=1282\">Continue lendo <span class=\"meta-nav\">&rarr;<\/span><\/a><\/p>\n","protected":false},"author":1,"featured_media":0,"comment_status":"open","ping_status":"closed","sticky":false,"template":"","format":"standard","meta":{"footnotes":""},"categories":[474],"tags":[],"class_list":["post-1282","post","type-post","status-publish","format-standard","hentry","category-ases-do-ritmo"],"_links":{"self":[{"href":"https:\/\/www.toque-musicall.com\/index.php?rest_route=\/wp\/v2\/posts\/1282","targetHints":{"allow":["GET"]}}],"collection":[{"href":"https:\/\/www.toque-musicall.com\/index.php?rest_route=\/wp\/v2\/posts"}],"about":[{"href":"https:\/\/www.toque-musicall.com\/index.php?rest_route=\/wp\/v2\/types\/post"}],"author":[{"embeddable":true,"href":"https:\/\/www.toque-musicall.com\/index.php?rest_route=\/wp\/v2\/users\/1"}],"replies":[{"embeddable":true,"href":"https:\/\/www.toque-musicall.com\/index.php?rest_route=%2Fwp%2Fv2%2Fcomments&post=1282"}],"version-history":[{"count":0,"href":"https:\/\/www.toque-musicall.com\/index.php?rest_route=\/wp\/v2\/posts\/1282\/revisions"}],"wp:attachment":[{"href":"https:\/\/www.toque-musicall.com\/index.php?rest_route=%2Fwp%2Fv2%2Fmedia&parent=1282"}],"wp:term":[{"taxonomy":"category","embeddable":true,"href":"https:\/\/www.toque-musicall.com\/index.php?rest_route=%2Fwp%2Fv2%2Fcategories&post=1282"},{"taxonomy":"post_tag","embeddable":true,"href":"https:\/\/www.toque-musicall.com\/index.php?rest_route=%2Fwp%2Fv2%2Ftags&post=1282"}],"curies":[{"name":"wp","href":"https:\/\/api.w.org\/{rel}","templated":true}]}}