{"id":1285,"date":"2009-02-22T12:30:00","date_gmt":"2009-02-22T12:30:00","guid":{"rendered":"http:\/\/www.toque-musicall.com\/?p=1285"},"modified":"2009-02-22T12:30:00","modified_gmt":"2009-02-22T12:30:00","slug":"carnaval-66-1966","status":"publish","type":"post","link":"https:\/\/www.toque-musicall.com\/?p=1285","title":{"rendered":"Carnaval 66 (1966)"},"content":{"rendered":"<p><a href=\"http:\/\/3.bp.blogspot.com\/_DSKVEvHtskc\/SaFFcZXKIRI\/AAAAAAAADV4\/QxCUgB-ulEc\/s1600-h\/carnaval+66+P.JPG\"><img decoding=\"async\" id=\"BLOGGER_PHOTO_ID_5305598190165827858\" style=\"DISPLAY: block; MARGIN: 0px auto 10px; WIDTH: 394px; CURSOR: hand; HEIGHT: 400px; TEXT-ALIGN: center\" alt=\"\" src=\"http:\/\/3.bp.blogspot.com\/_DSKVEvHtskc\/SaFFcZXKIRI\/AAAAAAAADV4\/QxCUgB-ulEc\/s400\/carnaval+66+P.JPG\" border=\"0\" \/><\/a>N\u00e3o fosse o t\u00edtulo deste \u2018long play\u2019 em letras grandes, eu diria num relance que se trata de um disco de Natal. Vejam voc\u00eas tamb\u00e9m&#8230; essa mo\u00e7a da capa (a cantora Angelita Martinez) a\u00ed est\u00e1 parecendo a terceira esposa do Papai Noel. E todo o arranjo de bal\u00f5es e cores nos remete mais \u00e0 vis\u00e3o natalina que carnavalesca. S\u00f3 mesmo depois de alguns segundos percebemos, pelas serpentinas, que o neg\u00f3cio aqui \u00e9 o Carnaval. Mas ainda assim, sem olhar na contracapa, eu diria que \u00e9 o Carnaval do Papai Noel (hehehe&#8230;)<br \/>Brincadeiras \u00e0 parte, este \u00e1lbum \u00e9 mais um \u2018Nota 10\u2019 do Carnaval. Aqui temos uma sele\u00e7\u00e3o escalada pela RCA Victor para brindar a festa do ano de 1966. S\u00e3o 14 faixas com sambas e marchinhas feitas para aquele ano e interpretadas por grandes nomes do \u2018cast\u2019 da gravadora. Confiram a baixo quem participa desta festa&#8230;<\/p>\n<div align=\"center\">palha\u00e7o n\u00e3o chora &#8211; cauby peixoto<\/div>\n<div align=\"center\">a serenata &#8211; carlos galhardo<\/div>\n<div align=\"center\">ilha do sol &#8211; angelita martinez<\/div>\n<div align=\"center\">eu vou morrer de rir &#8211; os dem\u00f4nios da gar\u00f4a<\/div>\n<div align=\"center\">rosas para colombina &#8211; orlando silva<\/div>\n<div align=\"center\">carnaval da brotol\u00e2ndia &#8211; denise barreto<\/div>\n<div align=\"center\">cheguei agora &#8211; ivete garcia<\/div>\n<div align=\"center\">eu sonhei &#8211; cauby peixoto<\/div>\n<div align=\"center\">marcha da tosca &#8211; angelita martinez<\/div>\n<div align=\"center\">abrigo jos\u00e9 ricardo<\/div>\n<div align=\"center\">n\u00e3o mexa a\u00ed &#8211; carlos galhardo<\/div>\n<div align=\"center\">empresta seu carinho &#8211; orlando silva<\/div>\n<div align=\"center\">de vento em p\u00f4pa &#8211; ivete garcia<\/div>\n<div align=\"center\">casamento de lal\u00e1 &#8211; os dem\u00f4nios da gar\u00f4a<\/div>\n<div align=\"center\"><\/div>\n<div align=\"center\"><\/div>\n<div align=\"center\"><\/div>\n<div align=\"center\"><\/div>\n","protected":false},"excerpt":{"rendered":"<p>N\u00e3o fosse o t\u00edtulo deste \u2018long play\u2019 em letras grandes, eu diria num relance que se trata de um disco de Natal. Vejam voc\u00eas tamb\u00e9m&#8230; essa mo\u00e7a da capa (a cantora Angelita Martinez) a\u00ed est\u00e1 parecendo a terceira esposa do &hellip; <a href=\"https:\/\/www.toque-musicall.com\/?p=1285\">Continue lendo <span class=\"meta-nav\">&rarr;<\/span><\/a><\/p>\n","protected":false},"author":1,"featured_media":0,"comment_status":"open","ping_status":"closed","sticky":false,"template":"","format":"standard","meta":{"footnotes":""},"categories":[263,1505,1303],"tags":[],"class_list":["post-1285","post","type-post","status-publish","format-standard","hentry","category-carnaval","category-carnaval-66","category-variados"],"_links":{"self":[{"href":"https:\/\/www.toque-musicall.com\/index.php?rest_route=\/wp\/v2\/posts\/1285","targetHints":{"allow":["GET"]}}],"collection":[{"href":"https:\/\/www.toque-musicall.com\/index.php?rest_route=\/wp\/v2\/posts"}],"about":[{"href":"https:\/\/www.toque-musicall.com\/index.php?rest_route=\/wp\/v2\/types\/post"}],"author":[{"embeddable":true,"href":"https:\/\/www.toque-musicall.com\/index.php?rest_route=\/wp\/v2\/users\/1"}],"replies":[{"embeddable":true,"href":"https:\/\/www.toque-musicall.com\/index.php?rest_route=%2Fwp%2Fv2%2Fcomments&post=1285"}],"version-history":[{"count":0,"href":"https:\/\/www.toque-musicall.com\/index.php?rest_route=\/wp\/v2\/posts\/1285\/revisions"}],"wp:attachment":[{"href":"https:\/\/www.toque-musicall.com\/index.php?rest_route=%2Fwp%2Fv2%2Fmedia&parent=1285"}],"wp:term":[{"taxonomy":"category","embeddable":true,"href":"https:\/\/www.toque-musicall.com\/index.php?rest_route=%2Fwp%2Fv2%2Fcategories&post=1285"},{"taxonomy":"post_tag","embeddable":true,"href":"https:\/\/www.toque-musicall.com\/index.php?rest_route=%2Fwp%2Fv2%2Ftags&post=1285"}],"curies":[{"name":"wp","href":"https:\/\/api.w.org\/{rel}","templated":true}]}}