{"id":1293,"date":"2009-02-13T10:01:00","date_gmt":"2009-02-13T10:01:00","guid":{"rendered":"http:\/\/www.toque-musicall.com\/?p=1293"},"modified":"2009-02-13T10:01:00","modified_gmt":"2009-02-13T10:01:00","slug":"titulares-do-ritmo-homenagem-ao-bando-da-lua-1958","status":"publish","type":"post","link":"https:\/\/www.toque-musicall.com\/?p=1293","title":{"rendered":"Titulares Do Ritmo &#8211; Homenagem Ao Bando Da Lua (1958)"},"content":{"rendered":"<div align=\"left\"><a href=\"http:\/\/3.bp.blogspot.com\/_DSKVEvHtskc\/SZXnobfa8nI\/AAAAAAAADU4\/BsOAfwvZWU0\/s1600-h\/TR+P.JPG\"><img decoding=\"async\" id=\"BLOGGER_PHOTO_ID_5302398818058957426\" style=\"DISPLAY: block; MARGIN: 0px auto 10px; WIDTH: 400px; CURSOR: hand; HEIGHT: 394px; TEXT-ALIGN: center\" alt=\"\" src=\"http:\/\/3.bp.blogspot.com\/_DSKVEvHtskc\/SZXnobfa8nI\/AAAAAAAADU4\/BsOAfwvZWU0\/s400\/TR+P.JPG\" border=\"0\" \/><\/a>Para esta sexta-feira eu reservei um dos grupos vocais que mais admiro, Os Titulares do Ritmo. <\/div>\n<div align=\"left\">Formado no in\u00edcio dos anos 40 em Belo Horizonte, o grupo se conheceu no Instituto S\u00e3o Rafael para cegos, onde eles eram estudantes. Fizeram suas primeiras apresenta\u00e7\u00f5es nas r\u00e1dios da cidade, principalmente na Inconfid\u00eancia onde estrearam interpretando o samba &#8220;Como se faz uma cu\u00edca&#8221; de Pedro Caetano. Gra\u00e7as ao requintado trabalho de vocaliza\u00e7\u00e3o e harmonia, os Titulares do Ritmo n\u00e3o demoraram muito para se tornarem conhecidos em todo o Brasil.<\/div>\n<div align=\"left\">Neste lp de 1958 eles prestam uma homenagem a outro grande grupo vocal, o Bando da Lua, regravando alguns de seus maiores sucessos. Um disco muito bacana que vale uma conferida \ud83d\ude09<\/div>\n<p><\/p>\n<div align=\"center\">olha a lua<\/div>\n<div align=\"center\">cansado de sambar<\/div>\n<div align=\"center\">o que que a maria tem<\/div>\n<div align=\"center\">n\u00e3o quero n\u00e3o<\/div>\n<div align=\"center\">maria boa<\/div>\n<div align=\"center\">ora, ora<\/div>\n<div align=\"center\">marchinha do grande galo<\/div>\n<div align=\"center\">menina de lojas<\/div>\n<div align=\"center\">\u00e9 do barulho<\/div>\n<div align=\"center\">arara<\/div>\n<div align=\"center\">segure na m\u00e3o<\/div>\n<div align=\"center\">lal\u00e1 lel\u00e9 lili<\/div>\n<div align=\"center\"><\/div>\n<div align=\"center\"><\/div>\n<div align=\"center\"> <\/div>\n<div align=\"center\"> <\/div>\n","protected":false},"excerpt":{"rendered":"<p>Para esta sexta-feira eu reservei um dos grupos vocais que mais admiro, Os Titulares do Ritmo. Formado no in\u00edcio dos anos 40 em Belo Horizonte, o grupo se conheceu no Instituto S\u00e3o Rafael para cegos, onde eles eram estudantes. Fizeram &hellip; <a href=\"https:\/\/www.toque-musicall.com\/?p=1293\">Continue lendo <span class=\"meta-nav\">&rarr;<\/span><\/a><\/p>\n","protected":false},"author":1,"featured_media":0,"comment_status":"open","ping_status":"closed","sticky":false,"template":"","format":"standard","meta":{"footnotes":""},"categories":[308],"tags":[],"class_list":["post-1293","post","type-post","status-publish","format-standard","hentry","category-titulares-do-ritmo"],"_links":{"self":[{"href":"https:\/\/www.toque-musicall.com\/index.php?rest_route=\/wp\/v2\/posts\/1293","targetHints":{"allow":["GET"]}}],"collection":[{"href":"https:\/\/www.toque-musicall.com\/index.php?rest_route=\/wp\/v2\/posts"}],"about":[{"href":"https:\/\/www.toque-musicall.com\/index.php?rest_route=\/wp\/v2\/types\/post"}],"author":[{"embeddable":true,"href":"https:\/\/www.toque-musicall.com\/index.php?rest_route=\/wp\/v2\/users\/1"}],"replies":[{"embeddable":true,"href":"https:\/\/www.toque-musicall.com\/index.php?rest_route=%2Fwp%2Fv2%2Fcomments&post=1293"}],"version-history":[{"count":0,"href":"https:\/\/www.toque-musicall.com\/index.php?rest_route=\/wp\/v2\/posts\/1293\/revisions"}],"wp:attachment":[{"href":"https:\/\/www.toque-musicall.com\/index.php?rest_route=%2Fwp%2Fv2%2Fmedia&parent=1293"}],"wp:term":[{"taxonomy":"category","embeddable":true,"href":"https:\/\/www.toque-musicall.com\/index.php?rest_route=%2Fwp%2Fv2%2Fcategories&post=1293"},{"taxonomy":"post_tag","embeddable":true,"href":"https:\/\/www.toque-musicall.com\/index.php?rest_route=%2Fwp%2Fv2%2Ftags&post=1293"}],"curies":[{"name":"wp","href":"https:\/\/api.w.org\/{rel}","templated":true}]}}