{"id":1295,"date":"2009-02-12T01:00:00","date_gmt":"2009-02-12T01:00:00","guid":{"rendered":"http:\/\/www.toque-musicall.com\/?p=1295"},"modified":"2009-02-12T01:00:00","modified_gmt":"2009-02-12T01:00:00","slug":"waldir-azevedo-e-seu-conjunto-um-cavaquinho-acontece-1960","status":"publish","type":"post","link":"https:\/\/www.toque-musicall.com\/?p=1295","title":{"rendered":"Waldir Azevedo E Seu Conjunto &#8211; Um Cavaquinho Acontece (1960)"},"content":{"rendered":"<div align=\"left\"><a href=\"http:\/\/3.bp.blogspot.com\/_DSKVEvHtskc\/SZSb5mXyglI\/AAAAAAAADUo\/yZbQs3rviMo\/s1600-h\/waldir+azevedo+P.jpg\"><img decoding=\"async\" id=\"BLOGGER_PHOTO_ID_5302034075177091666\" style=\"DISPLAY: block; MARGIN: 0px auto 10px; WIDTH: 396px; CURSOR: hand; HEIGHT: 400px; TEXT-ALIGN: center\" alt=\"\" src=\"http:\/\/3.bp.blogspot.com\/_DSKVEvHtskc\/SZSb5mXyglI\/AAAAAAAADUo\/yZbQs3rviMo\/s400\/waldir+azevedo+P.jpg\" border=\"0\" \/><\/a> Aqui, mais uma j\u00f3ia que eu trouxe na bagagem. Meu gavet\u00e3o nessas f\u00e9rias foi cheio e preparado para qualquer eventualidade. Antes de partir fiz quest\u00e3o de selecionar alguns dos \u00e1lbuns que eu j\u00e1 tinha certeza que iriam dar &#8216;ibope&#8217;.<\/div>\n<div align=\"left\">Falar de Waldir Silva \u00e9 chover o molhado. Um dos maiores instrumentistas brasileiros de todos os tempos, que s\u00f3 pela autoria do cl\u00e1ssico choro &#8220;Brasileirinho&#8221; j\u00e1 merecia o c\u00e9u. E com certeza ele deve estar l\u00e1 agora ao lado de tantos outros bambas, fazendo a cabe\u00e7a do Divino.<\/div>\n<div align=\"left\">&#8220;Um cavaquinho que acontece&#8221;  foi um lp lan\u00e7ado em 1960. Me parece que este disco \u00e9 na verdade uma colet\u00e2nea, pois re\u00fane cl\u00e1ssicos gravados por ele em outros momentos. Mas \u00e9, sem d\u00favida, um \u00e1lbum excelente e recomendad\u00edssimo! Confiram&#8230;<\/div>\n<p><\/p>\n<div align=\"center\">delicado<\/div>\n<div align=\"center\">contando tempo<\/div>\n<div align=\"center\">pedacinho do c\u00e9u<\/div>\n<div align=\"center\">carioquinha<\/div>\n<div align=\"center\">sonhos de crian\u00e7a<\/div>\n<div align=\"center\">na baixa do sapateiro<\/div>\n<div align=\"center\">brasileirinho<\/div>\n<div align=\"center\">catete<\/div>\n<div align=\"center\">meu tempo de crian\u00e7a<\/div>\n<div align=\"center\">v\u00ea se gostas<\/div>\n<div align=\"center\">queira-me bem<\/div>\n<div align=\"center\">amigos do samba<\/div>\n<div align=\"center\"> <\/div>\n<div align=\"center\"> <\/div>\n","protected":false},"excerpt":{"rendered":"<p>Aqui, mais uma j\u00f3ia que eu trouxe na bagagem. Meu gavet\u00e3o nessas f\u00e9rias foi cheio e preparado para qualquer eventualidade. Antes de partir fiz quest\u00e3o de selecionar alguns dos \u00e1lbuns que eu j\u00e1 tinha certeza que iriam dar &#8216;ibope&#8217;. Falar &hellip; <a href=\"https:\/\/www.toque-musicall.com\/?p=1295\">Continue lendo <span class=\"meta-nav\">&rarr;<\/span><\/a><\/p>\n","protected":false},"author":1,"featured_media":0,"comment_status":"open","ping_status":"closed","sticky":false,"template":"","format":"standard","meta":{"footnotes":""},"categories":[74],"tags":[],"class_list":["post-1295","post","type-post","status-publish","format-standard","hentry","category-waldir-azevedo"],"_links":{"self":[{"href":"https:\/\/www.toque-musicall.com\/index.php?rest_route=\/wp\/v2\/posts\/1295","targetHints":{"allow":["GET"]}}],"collection":[{"href":"https:\/\/www.toque-musicall.com\/index.php?rest_route=\/wp\/v2\/posts"}],"about":[{"href":"https:\/\/www.toque-musicall.com\/index.php?rest_route=\/wp\/v2\/types\/post"}],"author":[{"embeddable":true,"href":"https:\/\/www.toque-musicall.com\/index.php?rest_route=\/wp\/v2\/users\/1"}],"replies":[{"embeddable":true,"href":"https:\/\/www.toque-musicall.com\/index.php?rest_route=%2Fwp%2Fv2%2Fcomments&post=1295"}],"version-history":[{"count":0,"href":"https:\/\/www.toque-musicall.com\/index.php?rest_route=\/wp\/v2\/posts\/1295\/revisions"}],"wp:attachment":[{"href":"https:\/\/www.toque-musicall.com\/index.php?rest_route=%2Fwp%2Fv2%2Fmedia&parent=1295"}],"wp:term":[{"taxonomy":"category","embeddable":true,"href":"https:\/\/www.toque-musicall.com\/index.php?rest_route=%2Fwp%2Fv2%2Fcategories&post=1295"},{"taxonomy":"post_tag","embeddable":true,"href":"https:\/\/www.toque-musicall.com\/index.php?rest_route=%2Fwp%2Fv2%2Ftags&post=1295"}],"curies":[{"name":"wp","href":"https:\/\/api.w.org\/{rel}","templated":true}]}}