{"id":1296,"date":"2009-02-10T20:50:00","date_gmt":"2009-02-10T20:50:00","guid":{"rendered":"http:\/\/www.toque-musicall.com\/?p=1296"},"modified":"2009-02-10T20:50:00","modified_gmt":"2009-02-10T20:50:00","slug":"ely-camargo-cancoes-da-minha-terra-vol-4-1964","status":"publish","type":"post","link":"https:\/\/www.toque-musicall.com\/?p=1296","title":{"rendered":"Ely Camargo &#8211; Can\u00e7\u00f5es Da Minha Terra Vol.4 (1964)"},"content":{"rendered":"<div align=\"left\"><a href=\"http:\/\/4.bp.blogspot.com\/_DSKVEvHtskc\/SZN3jAneaYI\/AAAAAAAADUg\/S58RnKyO2Ic\/s1600-h\/Ely+Camargo+4+P.JPG\"><img decoding=\"async\" id=\"BLOGGER_PHOTO_ID_5301712629689903490\" style=\"DISPLAY: block; MARGIN: 0px auto 10px; WIDTH: 399px; CURSOR: hand; HEIGHT: 400px; TEXT-ALIGN: center\" alt=\"\" src=\"http:\/\/4.bp.blogspot.com\/_DSKVEvHtskc\/SZN3jAneaYI\/AAAAAAAADUg\/S58RnKyO2Ic\/s400\/Ely+Camargo+4+P.JPG\" border=\"0\" \/><\/a>Sempre que eu escuto ou vejo a Tet\u00ea Esp\u00edndola me lembro da Ely Carmargo. Tirando a diferen\u00e7a vocal, acho que as duas tem muito em comum. Hoje cedo, caminhado pela praia, fui seguido pela Tet\u00ea cantando &#8220;Sertaneja&#8221; no r\u00e1dio. Inevit\u00e1velmente acabei cantarolando tamb\u00e9m algumas m\u00fasicas que aprendi nos discos da Ely Camargo. Fico as vezes chateado ao perceber que a maioria da pessoas n\u00e3o se lembram dela. As novas gera\u00e7\u00f5es ent\u00e3o, nem se fala&#8230; Sua m\u00fasica n\u00e3o toca mais no r\u00e1dio e ela nunca mais foi vista pela televis\u00e3o. \u00c9 uma pena&#8230; S\u00f3 mesmo programas como os de Rolando Boldrin ou aquele outro da Inezita Barroso, que eu j\u00e1 nem sei se ainda existem, mas que eram muito bons. Ouvir Ely Camargo \u00e9 ouvir o aut\u00eantico Brasil.<\/div>\n<div align=\"left\">O lp que aqui apresento \u00e9 o \u00faltimo da s\u00e9rie &#8220;Can\u00e7\u00f5es da minha terra&#8221;, que compreende uma vasta sele\u00e7\u00e3o de can\u00e7\u00f5es populares brasileiras, do norte ao sul do pa\u00eds que ela gravou nos anos 60. Ao longo de nossa jornada irei trazendo os outros volumes para que voc\u00eas possam tamb\u00e9m saborear e confirmar a beleza que \u00e9 a arte desta mulher. As dezessete faixas que comp\u00f5e este \u00e1lbum s\u00e3o em sua maioria cl\u00e1ssicos que ela interpreta de maneira bastante original. Enriquecendo ainda mais esse trabalho, Ely conta com as participa\u00e7\u00f5es especiais de M\u00e1rcio Alencastro Veiga ao viol\u00e3o e Z\u00e9 do Rancho na viola caipira. A orquestra\u00e7\u00e3o \u00e9 regida pelo maestro Zico Mazarg\u00e3o. Disc\u00e3o! Pode conferir!<\/div>\n<p><\/p>\n<div align=\"center\">minha terra<\/div>\n<div align=\"center\">que sodade!<\/div>\n<div align=\"center\">rolete de cana<\/div>\n<div align=\"center\">ao luar<\/div>\n<div align=\"center\">yemanj\u00e1<\/div>\n<div align=\"center\">vida marvada<\/div>\n<div align=\"center\">no tempo do on\u00e7a<\/div>\n<div align=\"center\">amo-te muito<\/div>\n<div align=\"center\">cab\u00f4ca bunita<\/div>\n<div align=\"center\">reisado<\/div>\n<div align=\"center\">piracicaba<\/div>\n<div align=\"center\">uirapuru<\/div>\n<div align=\"center\">em tudo h\u00e1 uma saudade<\/div>\n<div align=\"center\">leil\u00e3o<\/div>\n<div align=\"center\">azul\u00e3o<\/div>\n<div align=\"center\">dan\u00e7a do escorregado<\/div>\n<div align=\"center\">rio grande do sul<\/div>\n<div align=\"center\"><\/div>\n<div align=\"center\"><\/div>\n<div align=\"center\"> <\/div>\n<div align=\"center\"> <\/div>\n","protected":false},"excerpt":{"rendered":"<p>Sempre que eu escuto ou vejo a Tet\u00ea Esp\u00edndola me lembro da Ely Carmargo. Tirando a diferen\u00e7a vocal, acho que as duas tem muito em comum. Hoje cedo, caminhado pela praia, fui seguido pela Tet\u00ea cantando &#8220;Sertaneja&#8221; no r\u00e1dio. Inevit\u00e1velmente &hellip; <a href=\"https:\/\/www.toque-musicall.com\/?p=1296\">Continue lendo <span class=\"meta-nav\">&rarr;<\/span><\/a><\/p>\n","protected":false},"author":1,"featured_media":0,"comment_status":"open","ping_status":"closed","sticky":false,"template":"","format":"standard","meta":{"footnotes":""},"categories":[787],"tags":[],"class_list":["post-1296","post","type-post","status-publish","format-standard","hentry","category-ely-camargo"],"_links":{"self":[{"href":"https:\/\/www.toque-musicall.com\/index.php?rest_route=\/wp\/v2\/posts\/1296","targetHints":{"allow":["GET"]}}],"collection":[{"href":"https:\/\/www.toque-musicall.com\/index.php?rest_route=\/wp\/v2\/posts"}],"about":[{"href":"https:\/\/www.toque-musicall.com\/index.php?rest_route=\/wp\/v2\/types\/post"}],"author":[{"embeddable":true,"href":"https:\/\/www.toque-musicall.com\/index.php?rest_route=\/wp\/v2\/users\/1"}],"replies":[{"embeddable":true,"href":"https:\/\/www.toque-musicall.com\/index.php?rest_route=%2Fwp%2Fv2%2Fcomments&post=1296"}],"version-history":[{"count":0,"href":"https:\/\/www.toque-musicall.com\/index.php?rest_route=\/wp\/v2\/posts\/1296\/revisions"}],"wp:attachment":[{"href":"https:\/\/www.toque-musicall.com\/index.php?rest_route=%2Fwp%2Fv2%2Fmedia&parent=1296"}],"wp:term":[{"taxonomy":"category","embeddable":true,"href":"https:\/\/www.toque-musicall.com\/index.php?rest_route=%2Fwp%2Fv2%2Fcategories&post=1296"},{"taxonomy":"post_tag","embeddable":true,"href":"https:\/\/www.toque-musicall.com\/index.php?rest_route=%2Fwp%2Fv2%2Ftags&post=1296"}],"curies":[{"name":"wp","href":"https:\/\/api.w.org\/{rel}","templated":true}]}}