{"id":1297,"date":"2009-02-09T16:29:00","date_gmt":"2009-02-09T16:29:00","guid":{"rendered":"http:\/\/www.toque-musicall.com\/?p=1297"},"modified":"2009-02-09T16:29:00","modified_gmt":"2009-02-09T16:29:00","slug":"parada-de-sucessos-sinter-1951","status":"publish","type":"post","link":"https:\/\/www.toque-musicall.com\/?p=1297","title":{"rendered":"Parada De Sucessos Sinter (1951)"},"content":{"rendered":"<p><a href=\"http:\/\/4.bp.blogspot.com\/_DSKVEvHtskc\/SZFXLchnJII\/AAAAAAAADUY\/jUHspmfyyKE\/s1600-h\/Parada+De+Sucessos+Sinter+-+P.JPG\"><img decoding=\"async\" id=\"BLOGGER_PHOTO_ID_5301114090539132034\" style=\"DISPLAY: block; MARGIN: 0px auto 10px; WIDTH: 400px; CURSOR: hand; HEIGHT: 395px; TEXT-ALIGN: center\" alt=\"\" src=\"http:\/\/4.bp.blogspot.com\/_DSKVEvHtskc\/SZFXLchnJII\/AAAAAAAADUY\/jUHspmfyyKE\/s400\/Parada+De+Sucessos+Sinter+-+P.JPG\" border=\"0\" \/><\/a>Para justificar a perman\u00eancia do Toque Musical, eis aqui um disquinho bonito e raro. Coisa que s\u00f3 mesmo os blogs poderiam fazer, pois se depender da ind\u00fastria fonogr\u00e1fica e seus dirigentes, este disco j\u00e1 teria sido varrido da mem\u00f3ria. Na verdade ele j\u00e1 foi. Se voc\u00ea for procurar onde est\u00e3o os arquivos e mem\u00f3ria da Sinter, provavelmente muito pouca coisa ir\u00e1 encontrar. Nossos arquivos sonoros (me refiro \u00e0s fitas masters), os antigos e mais importantes j\u00e1 foram para o lixo ou est\u00e3o nas m\u00e3os de colecionadores (principalmente japoneses). Quem est\u00e1 por dentro dessa &#8220;est\u00f3ria&#8221; n\u00e3o fala nada, fica de bico calado, pois j\u00e1 ganhou ou mensalmente ganha o seu quinh\u00e3o. O Brasil, infelizmente, ainda \u00e9 um pa\u00eds de vendidos. Nos gabamos da nossa cultura, mas ela j\u00e1 n\u00e3o nos pertence. O que nos sobrou foi migalhas e macaquices. Ax\u00e9 Brasil!<\/p>\n<div>Mas voltando ao disco, este pequeno \u00e1lbum lan\u00e7ado em 1951 foi o segundo &#8216;LP&#8217; lan\u00e7ado no Brasil. A Sinter foi a pioneira no lan\u00e7amento de discos de microsulcos. At\u00e9 ent\u00e3o s\u00f3 se ouvia as famosas bolachas de 78 rpm com apenas duas m\u00fasicas. O surgimento dos microsulcos permitiram a cria\u00e7\u00e3o de discos com tempo de execu\u00e7\u00e3o mais longos e assim foi poss\u00edvel introduzir mais faixas ou m\u00fasicas, no caso. Para este 10 polegadas a Sinter reuniu alguns de seus artistas de maior sucesso na \u00e9poca. A qualidade do \u00e1udio aqui supera as expectativas, considerando os 58 anos do vinil e as milhares de rota\u00e7\u00f5es na agulha. Mais um bom trabalho de recupera\u00e7\u00e3o do Chris para n\u00f3s. Confiram a baixo a parada de sucessos.<\/div>\n<p><\/p>\n<div align=\"center\">de papo p&#8217;ro \u00e1 &#8211; jos\u00e9 menezes<\/div>\n<div align=\"center\">na baixa do sapateiro &#8211; orquestra copacabana<\/div>\n<div align=\"center\">senhora tenta\u00e7\u00e3o &#8211; milita meireles<\/div>\n<div align=\"center\">baionando &#8211; carolina cardoso de menezes<\/div>\n<div align=\"center\">tim tim por tim tim &#8211; os cariocas<\/div>\n<div align=\"center\">n\u00e3o interessa n\u00e3o &#8211; jos\u00e9 menezes<\/div>\n<div align=\"center\">afinal &#8211; heleninha costa<\/div>\n<div align=\"center\">pedro do pedregulho &#8211; geraldo pereira<\/div>\n<p><\/p>\n<div align=\"center\"><\/div>\n<div align=\"center\"> <\/div>\n","protected":false},"excerpt":{"rendered":"<p>Para justificar a perman\u00eancia do Toque Musical, eis aqui um disquinho bonito e raro. Coisa que s\u00f3 mesmo os blogs poderiam fazer, pois se depender da ind\u00fastria fonogr\u00e1fica e seus dirigentes, este disco j\u00e1 teria sido varrido da mem\u00f3ria. Na &hellip; <a href=\"https:\/\/www.toque-musicall.com\/?p=1297\">Continue lendo <span class=\"meta-nav\">&rarr;<\/span><\/a><\/p>\n","protected":false},"author":1,"featured_media":0,"comment_status":"open","ping_status":"closed","sticky":false,"template":"","format":"standard","meta":{"footnotes":""},"categories":[8,117,1510,72,1512,290,1511,1303],"tags":[],"class_list":["post-1297","post","type-post","status-publish","format-standard","hentry","category-carolina-cardoso-de-menezes","category-geraldo-pereira","category-heleninha-lima","category-jose-menezes","category-orquestra-copacabana","category-os-cariocas","category-parada-de-sucessos-sinter","category-variados"],"_links":{"self":[{"href":"https:\/\/www.toque-musicall.com\/index.php?rest_route=\/wp\/v2\/posts\/1297","targetHints":{"allow":["GET"]}}],"collection":[{"href":"https:\/\/www.toque-musicall.com\/index.php?rest_route=\/wp\/v2\/posts"}],"about":[{"href":"https:\/\/www.toque-musicall.com\/index.php?rest_route=\/wp\/v2\/types\/post"}],"author":[{"embeddable":true,"href":"https:\/\/www.toque-musicall.com\/index.php?rest_route=\/wp\/v2\/users\/1"}],"replies":[{"embeddable":true,"href":"https:\/\/www.toque-musicall.com\/index.php?rest_route=%2Fwp%2Fv2%2Fcomments&post=1297"}],"version-history":[{"count":0,"href":"https:\/\/www.toque-musicall.com\/index.php?rest_route=\/wp\/v2\/posts\/1297\/revisions"}],"wp:attachment":[{"href":"https:\/\/www.toque-musicall.com\/index.php?rest_route=%2Fwp%2Fv2%2Fmedia&parent=1297"}],"wp:term":[{"taxonomy":"category","embeddable":true,"href":"https:\/\/www.toque-musicall.com\/index.php?rest_route=%2Fwp%2Fv2%2Fcategories&post=1297"},{"taxonomy":"post_tag","embeddable":true,"href":"https:\/\/www.toque-musicall.com\/index.php?rest_route=%2Fwp%2Fv2%2Ftags&post=1297"}],"curies":[{"name":"wp","href":"https:\/\/api.w.org\/{rel}","templated":true}]}}