{"id":1298,"date":"2009-02-08T20:17:00","date_gmt":"2009-02-08T20:17:00","guid":{"rendered":"http:\/\/www.toque-musicall.com\/?p=1298"},"modified":"2009-02-08T20:17:00","modified_gmt":"2009-02-08T20:17:00","slug":"bene-nunes-teclado-fantastico-1968","status":"publish","type":"post","link":"https:\/\/www.toque-musicall.com\/?p=1298","title":{"rendered":"Ben\u00e9 Nunes &#8211; Teclado Fant\u00e1stico (1968)"},"content":{"rendered":"<div align=\"left\"><a href=\"http:\/\/4.bp.blogspot.com\/_DSKVEvHtskc\/SZDICI_9sOI\/AAAAAAAADUQ\/MfOBugmRluA\/s1600-h\/Bene+Nunes+-+Teclado+fant%C3%83%C2%A1stico+P.JPG\"><img decoding=\"async\" id=\"BLOGGER_PHOTO_ID_5300956700516135138\" style=\"DISPLAY: block; MARGIN: 0px auto 10px; WIDTH: 400px; CURSOR: hand; HEIGHT: 400px; TEXT-ALIGN: center\" alt=\"\" src=\"http:\/\/4.bp.blogspot.com\/_DSKVEvHtskc\/SZDICI_9sOI\/AAAAAAAADUQ\/MfOBugmRluA\/s400\/Bene+Nunes+-+Teclado+fant%C3%A1stico+P.JPG\" border=\"0\" \/><\/a>O domingo segue tranquilo e eu hoje n\u00e3o quero nem ler as \u00faltimas not\u00edcias. Quero mais \u00e9 dar uma relaxada, andar pela praia sozinho e respirar aliviado. Achando um ponto de internet eu paro para publicar esta postagem. N\u00e3o tenho pressa, pois ningu\u00e9m vai ler isso hoje.<br \/>Estou nesses dias tendo que recorrer aos meus j\u00e1 tradicionais &#8216;discos de gaveta&#8217;. N\u00e3o tive tempo e nem condi\u00e7\u00f5es para prepara as postagens da semana. Mesmo assim, com o que tenho \u00e0 m\u00e3o j\u00e1 d\u00e1 para fazer a festa (espero). Come\u00e7amos convidando o pianista e compositor Ben\u00e9 Nunes para tocar. Contam que ele e seu conjunto faziam a alegria nos melhores bailes dan\u00e7antes dos anos 60. N\u00e3o foi atoa que Jo\u00e3o do Vale criou em 1970 a m\u00fasica &#8220;Coron\u00e9 Ant\u00f4nio Bento&#8221;, grande sucesso na voz de Tim Maia. Ben\u00e9 Nunes foi um pianista autoditada. Gravou poucos discos, mas seu trabalho e presen\u00e7a art\u00edstica ser\u00e3o sempre lembrados. Ele entra para a hist\u00f3ria da m\u00fasica brasileira como um grande instrumentista e tamb\u00e9m como uma das figuras que acolheu a turminha da Bossa Nova em seu in\u00edcio. A casa do Ben\u00e9 e sua esposa, a cantora Dulce Nunes, foi palco de muitos encontros da Bossa Nova.<br \/>O disco que temos aqui, foi outra boa doa\u00e7\u00e3o que agora eu estou tendo a oportunidade de postar (Valeu Lucas!). Este \u00e1lbum n\u00e3o consta na discografia de Ben\u00e9 Nunes porque se trata de uma colet\u00e2nea lan\u00e7ada nos anos 60, pelo obscuro selo Fantasia, criado especialmente com este prop\u00f3sito. Est\u00e3o reunidas aqui alguns de seus melhores momentos. Podem conferir&#8230;<\/p>\n<div align=\"center\">solfeggietto de bach<\/div>\n<div align=\"center\">canto livre<\/div>\n<div align=\"center\">stella by starlight<\/div>\n<div align=\"center\">raps\u00f3dia sueca<\/div>\n<div align=\"center\">sinfonia do rio de janeiro<\/div>\n<div align=\"center\">onde est\u00e1 voc\u00ea<\/div>\n<div align=\"center\">the man i love<\/div>\n<div align=\"center\">me deixa em paz<\/div>\n<div align=\"center\">dindi<\/div>\n<div align=\"center\">feiti\u00e7o da vila<\/div>\n<div align=\"center\"><\/div>\n<div align=\"center\"><\/div>\n<div align=\"center\"><\/div>\n<div align=\"center\"><\/div>\n<\/div>\n","protected":false},"excerpt":{"rendered":"<p>O domingo segue tranquilo e eu hoje n\u00e3o quero nem ler as \u00faltimas not\u00edcias. Quero mais \u00e9 dar uma relaxada, andar pela praia sozinho e respirar aliviado. Achando um ponto de internet eu paro para publicar esta postagem. N\u00e3o tenho &hellip; <a href=\"https:\/\/www.toque-musicall.com\/?p=1298\">Continue lendo <span class=\"meta-nav\">&rarr;<\/span><\/a><\/p>\n","protected":false},"author":1,"featured_media":0,"comment_status":"open","ping_status":"closed","sticky":false,"template":"","format":"standard","meta":{"footnotes":""},"categories":[810],"tags":[],"class_list":["post-1298","post","type-post","status-publish","format-standard","hentry","category-bene-nunes"],"_links":{"self":[{"href":"https:\/\/www.toque-musicall.com\/index.php?rest_route=\/wp\/v2\/posts\/1298","targetHints":{"allow":["GET"]}}],"collection":[{"href":"https:\/\/www.toque-musicall.com\/index.php?rest_route=\/wp\/v2\/posts"}],"about":[{"href":"https:\/\/www.toque-musicall.com\/index.php?rest_route=\/wp\/v2\/types\/post"}],"author":[{"embeddable":true,"href":"https:\/\/www.toque-musicall.com\/index.php?rest_route=\/wp\/v2\/users\/1"}],"replies":[{"embeddable":true,"href":"https:\/\/www.toque-musicall.com\/index.php?rest_route=%2Fwp%2Fv2%2Fcomments&post=1298"}],"version-history":[{"count":0,"href":"https:\/\/www.toque-musicall.com\/index.php?rest_route=\/wp\/v2\/posts\/1298\/revisions"}],"wp:attachment":[{"href":"https:\/\/www.toque-musicall.com\/index.php?rest_route=%2Fwp%2Fv2%2Fmedia&parent=1298"}],"wp:term":[{"taxonomy":"category","embeddable":true,"href":"https:\/\/www.toque-musicall.com\/index.php?rest_route=%2Fwp%2Fv2%2Fcategories&post=1298"},{"taxonomy":"post_tag","embeddable":true,"href":"https:\/\/www.toque-musicall.com\/index.php?rest_route=%2Fwp%2Fv2%2Ftags&post=1298"}],"curies":[{"name":"wp","href":"https:\/\/api.w.org\/{rel}","templated":true}]}}