{"id":1304,"date":"2009-02-03T09:37:00","date_gmt":"2009-02-03T09:37:00","guid":{"rendered":"http:\/\/www.toque-musicall.com\/?p=1304"},"modified":"2009-02-03T09:37:00","modified_gmt":"2009-02-03T09:37:00","slug":"ary-barroso-nova-historia-da-musica-popular-brasileira-1977-6","status":"publish","type":"post","link":"https:\/\/www.toque-musicall.com\/?p=1304","title":{"rendered":"Ary Barroso &#8211; Nova Hist\u00f3ria Da M\u00fasica Popular Brasileira (1977) 6"},"content":{"rendered":"<p><a href=\"http:\/\/1.bp.blogspot.com\/_DSKVEvHtskc\/SYgbLOKuwHI\/AAAAAAAADTc\/UHBR2n3oQF0\/s1600-h\/ary+barroso+P.JPG\"><img decoding=\"async\" id=\"BLOGGER_PHOTO_ID_5298514841197002866\" style=\"DISPLAY: block; MARGIN: 0px auto 10px; WIDTH: 373px; CURSOR: hand; HEIGHT: 400px; TEXT-ALIGN: center\" alt=\"\" src=\"http:\/\/1.bp.blogspot.com\/_DSKVEvHtskc\/SYgbLOKuwHI\/AAAAAAAADTc\/UHBR2n3oQF0\/s400\/ary+barroso+P.JPG\" border=\"0\" \/><\/a>Ol\u00e1 meus car\u00edssimos! Continuo a lembrar, principalmente aos desavisados e desatentos visitantes, que estou recolhendo os contatos de interessados em manter o acesso ao blog, caso venhamos mesmo a nos transferir para um espa\u00e7o privado. J\u00e1 temos listado mais de 600 solicita\u00e7\u00f5es. Ainda bem que o espa\u00e7o e virtual \ud83d\ude09<br \/>Temos aqui outro campe\u00e3o de audi\u00eancia da cole\u00e7\u00e3o Nova Hist\u00f3ria da M\u00fasica Popular Brasileira. Seguindo a ordem alfab\u00e9tica, a semana \u00e9 de Ary Barroso. Um dos mais f\u00e9rteis compositores brasileiros e mundialmente conhecido, principalmente por sua Aquarela do Brasil. Nasceu em Ub\u00e1, Minas Gerais, onde viveu at\u00e9 por volta dos 18 anos. Mudou-se para o Rio de Janeiro e da\u00ed come\u00e7a sua grande caminhada. Foi advogado, jornalista, radialista, vereador, dirigente esportivo, amante do futebol e principalmente compositor de can\u00e7\u00f5es que refletem o verdadeiro esp\u00edrito brasileiro. Sua m\u00fasica sempre foi evocando os valores e costumes de seu pa\u00eds. Ary sempre lutou pela autenticidade da nossa arte maior, a m\u00fasica popular.<br \/>Eu sou um cara privilegiado, pois tenho comigo h\u00e1 mais de 20 anos, um \u00f3culos que pertenceu ao Ary Barroso. Quando eu conto esta hist\u00f3ria todo mundo duvida e nem mesmo mostrando ele na minha cara as pessoas se convencem. Na verdade, nem eu acredito, pois a \u00fanica coisa que tenho \u00e9 a palavra do antiqu\u00e1rio que jurou de p\u00e9 junto que o \u00f3culos era do Ary. Nunca dei muita bola para isso, embora j\u00e1 tivesse visto fotos antigas dele com o tal \u00f3culos. A foto da capa deste disco \u00e9 uma delas e \u00e9 poss\u00edvel comparar. De puro sarro, resolvi incluir no pacote as fotos do meu \u00f3culos do Ary Barroso para voc\u00eas tamb\u00e9m compararem. Infelizmente este n\u00e3o tem como compartilhar, mas est\u00e1 \u00e0 disposi\u00e7\u00e3o para aqueles que queiram comprova\u00e7\u00e3o.<\/p>\n<div align=\"center\">na batucada da vida &#8211; elis regina<\/div>\n<div align=\"center\">no tabuleiro da baiana &#8211; carmen miranda e luiz barbosa<\/div>\n<div align=\"center\">como vaes voc\u00ea? &#8211; carmen miranda<\/div>\n<div align=\"center\">na baixa do sapateiro &#8211; anjos do inferno<\/div>\n<div align=\"center\">aquarela do brasil &#8211; silvio caldas<\/div>\n<div align=\"center\">os quindins de i\u00e1i\u00e1 &#8211; cyro monteiro<\/div>\n<div align=\"center\">morena boca de ouro &#8211; jo\u00e3o gilberto<\/div>\n<div align=\"center\">risque &#8211; linda batista<\/div>\n<div align=\"center\"><\/div>\n<div align=\"center\"><\/div>\n<div align=\"center\"> <\/div>\n<div align=\"center\"> <\/div>\n","protected":false},"excerpt":{"rendered":"<p>Ol\u00e1 meus car\u00edssimos! Continuo a lembrar, principalmente aos desavisados e desatentos visitantes, que estou recolhendo os contatos de interessados em manter o acesso ao blog, caso venhamos mesmo a nos transferir para um espa\u00e7o privado. J\u00e1 temos listado mais de &hellip; <a href=\"https:\/\/www.toque-musicall.com\/?p=1304\">Continue lendo <span class=\"meta-nav\">&rarr;<\/span><\/a><\/p>\n","protected":false},"author":1,"featured_media":0,"comment_status":"open","ping_status":"closed","sticky":false,"template":"","format":"standard","meta":{"footnotes":""},"categories":[1515,1047,816,1330,226,52,292,163,12],"tags":[],"class_list":["post-1304","post","type-post","status-publish","format-standard","hentry","category-anjos-da-noite","category-ary-barroso","category-carmen-miranda","category-colecoes","category-cyro-monteiro","category-elis-regina","category-joao-gilberto","category-linda-batista","category-silvio-caldas"],"_links":{"self":[{"href":"https:\/\/www.toque-musicall.com\/index.php?rest_route=\/wp\/v2\/posts\/1304","targetHints":{"allow":["GET"]}}],"collection":[{"href":"https:\/\/www.toque-musicall.com\/index.php?rest_route=\/wp\/v2\/posts"}],"about":[{"href":"https:\/\/www.toque-musicall.com\/index.php?rest_route=\/wp\/v2\/types\/post"}],"author":[{"embeddable":true,"href":"https:\/\/www.toque-musicall.com\/index.php?rest_route=\/wp\/v2\/users\/1"}],"replies":[{"embeddable":true,"href":"https:\/\/www.toque-musicall.com\/index.php?rest_route=%2Fwp%2Fv2%2Fcomments&post=1304"}],"version-history":[{"count":0,"href":"https:\/\/www.toque-musicall.com\/index.php?rest_route=\/wp\/v2\/posts\/1304\/revisions"}],"wp:attachment":[{"href":"https:\/\/www.toque-musicall.com\/index.php?rest_route=%2Fwp%2Fv2%2Fmedia&parent=1304"}],"wp:term":[{"taxonomy":"category","embeddable":true,"href":"https:\/\/www.toque-musicall.com\/index.php?rest_route=%2Fwp%2Fv2%2Fcategories&post=1304"},{"taxonomy":"post_tag","embeddable":true,"href":"https:\/\/www.toque-musicall.com\/index.php?rest_route=%2Fwp%2Fv2%2Ftags&post=1304"}],"curies":[{"name":"wp","href":"https:\/\/api.w.org\/{rel}","templated":true}]}}