{"id":1305,"date":"2009-02-01T11:22:00","date_gmt":"2009-02-01T11:22:00","guid":{"rendered":"http:\/\/www.toque-musicall.com\/?p=1305"},"modified":"2009-02-01T11:22:00","modified_gmt":"2009-02-01T11:22:00","slug":"arena-conta-zumbi-1965","status":"publish","type":"post","link":"https:\/\/www.toque-musicall.com\/?p=1305","title":{"rendered":"Arena Conta Zumbi (1965)"},"content":{"rendered":"<div align=\"left\"><a href=\"http:\/\/3.bp.blogspot.com\/_DSKVEvHtskc\/SYWGCTx2y8I\/AAAAAAAADTM\/Duzhp9rMGv0\/s1600-h\/arena+conta+zumbi+P+original.JPG\"><img decoding=\"async\" id=\"BLOGGER_PHOTO_ID_5297787910898502594\" style=\"DISPLAY: block; MARGIN: 0px auto 10px; WIDTH: 400px; CURSOR: hand; HEIGHT: 400px; TEXT-ALIGN: center\" alt=\"\" src=\"http:\/\/3.bp.blogspot.com\/_DSKVEvHtskc\/SYWGCTx2y8I\/AAAAAAAADTM\/Duzhp9rMGv0\/s400\/arena+conta+zumbi+P+original.JPG\" border=\"0\" \/><\/a>Interessante&#8230; Em pouco mais de uma semana, tr\u00eas pessoas, em situa\u00e7\u00f5es totalmente distintas, me perguntaram se eu teria no blog o disco Arena conta Zumbi. Eu tinha certo de que j\u00e1 o havia postado, n\u00e3o sei porque raz\u00e3o. Depois me lembrei de outras encarna\u00e7\u00f5es e tudo ficou claro. Realmente, eu ainda n\u00e3o o apresentei aqui no Toque Musical. Portanto, hoje vamos a ele \ud83d\ude42<\/div>\n<div align=\"left\">&#8220;Arena conta Zumbi&#8221; \u00e9 uma pe\u00e7a teatral de Augusto Boal e Gianfrancesco Guarnieri, com m\u00fasica composta por Ed\u00fa L\u00f4bo. O musical, um marco na trajet\u00f3ria do Teatro de Arena, estreou neste saudoso e emblem\u00e1tico teatro de S\u00e3o Paulo, no dia 1 de maio de 1965. A dire\u00e7\u00e3o musical foi de Carlos Castilho que tamb\u00e9m participa tocando viol\u00e3o e a dire\u00e7\u00e3o geral de Augusto Boal. No elenco, entre outros haviam o Guarnieri, Lima Duarte, Dina Sfat e Mar\u00edlia Medalha. <\/div>\n<div align=\"left\">O texto da pe\u00e7a \u00e9 baseado no romance de Jo\u00e3o Fel\u00edcio dos Santos e conta a hist\u00f3ria do Quilombo dos Palmares e da vinda de Zambi para o Brasil num barco negreiro. Por\u00e9m, a adapta\u00e7\u00e3o de Boal e Guarnieri refletia a realidade do momento, o contexto social, cultural e principalmente pol\u00edtico do pa\u00eds naqueles anos. Como exemplo, temos inclu\u00eddo um discurso do General Castelo Branco que na pe\u00e7a \u00e9 fala do personagem, o governador Dom Ayres.<\/div>\n<div align=\"left\">Esta pe\u00e7a teve v\u00e1rias montagens, n\u00e3o apenas no Brasil, mas tamb\u00e9m na Argentina, Uruguai, Fran\u00e7a e Am\u00e9rica.<\/div>\n<div align=\"left\">Apesar de existir pausa entre falas e m\u00fasicas no disco, eu achei por bem n\u00e3o separ\u00e1-las, mantendo inteiros os lados A e B. <\/div>\n<p><\/p>\n<div align=\"center\"> <\/div>\n<div><\/div>\n","protected":false},"excerpt":{"rendered":"<p>Interessante&#8230; Em pouco mais de uma semana, tr\u00eas pessoas, em situa\u00e7\u00f5es totalmente distintas, me perguntaram se eu teria no blog o disco Arena conta Zumbi. Eu tinha certo de que j\u00e1 o havia postado, n\u00e3o sei porque raz\u00e3o. Depois me &hellip; <a href=\"https:\/\/www.toque-musicall.com\/?p=1305\">Continue lendo <span class=\"meta-nav\">&rarr;<\/span><\/a><\/p>\n","protected":false},"author":1,"featured_media":0,"comment_status":"open","ping_status":"closed","sticky":false,"template":"","format":"standard","meta":{"footnotes":""},"categories":[1516,658,346],"tags":[],"class_list":["post-1305","post","type-post","status-publish","format-standard","hentry","category-arena-conta-zumbi","category-extras","category-trilhas"],"_links":{"self":[{"href":"https:\/\/www.toque-musicall.com\/index.php?rest_route=\/wp\/v2\/posts\/1305","targetHints":{"allow":["GET"]}}],"collection":[{"href":"https:\/\/www.toque-musicall.com\/index.php?rest_route=\/wp\/v2\/posts"}],"about":[{"href":"https:\/\/www.toque-musicall.com\/index.php?rest_route=\/wp\/v2\/types\/post"}],"author":[{"embeddable":true,"href":"https:\/\/www.toque-musicall.com\/index.php?rest_route=\/wp\/v2\/users\/1"}],"replies":[{"embeddable":true,"href":"https:\/\/www.toque-musicall.com\/index.php?rest_route=%2Fwp%2Fv2%2Fcomments&post=1305"}],"version-history":[{"count":0,"href":"https:\/\/www.toque-musicall.com\/index.php?rest_route=\/wp\/v2\/posts\/1305\/revisions"}],"wp:attachment":[{"href":"https:\/\/www.toque-musicall.com\/index.php?rest_route=%2Fwp%2Fv2%2Fmedia&parent=1305"}],"wp:term":[{"taxonomy":"category","embeddable":true,"href":"https:\/\/www.toque-musicall.com\/index.php?rest_route=%2Fwp%2Fv2%2Fcategories&post=1305"},{"taxonomy":"post_tag","embeddable":true,"href":"https:\/\/www.toque-musicall.com\/index.php?rest_route=%2Fwp%2Fv2%2Ftags&post=1305"}],"curies":[{"name":"wp","href":"https:\/\/api.w.org\/{rel}","templated":true}]}}