{"id":1306,"date":"2009-01-31T10:34:00","date_gmt":"2009-01-31T10:34:00","guid":{"rendered":"http:\/\/www.toque-musicall.com\/?p=1306"},"modified":"2009-01-31T10:34:00","modified_gmt":"2009-01-31T10:34:00","slug":"basf-50-anos-de-memoria-brasileira-1934-84-1984","status":"publish","type":"post","link":"https:\/\/www.toque-musicall.com\/?p=1306","title":{"rendered":"Basf &#8211; 50 Anos De Mem\u00f3ria Brasileira 1934-84 (1984)"},"content":{"rendered":"<div align=\"left\"><a href=\"http:\/\/1.bp.blogspot.com\/_DSKVEvHtskc\/SYRD6gYIoWI\/AAAAAAAADS8\/AZiYutMYKXc\/s1600-h\/BASF-6370RC-102+P.JPG\"><img decoding=\"async\" id=\"BLOGGER_PHOTO_ID_5297433734097183074\" style=\"DISPLAY: block; MARGIN: 0px auto 10px; WIDTH: 400px; CURSOR: hand; HEIGHT: 380px; TEXT-ALIGN: center\" alt=\"\" src=\"http:\/\/1.bp.blogspot.com\/_DSKVEvHtskc\/SYRD6gYIoWI\/AAAAAAAADS8\/AZiYutMYKXc\/s400\/BASF-6370RC-102+P.JPG\" border=\"0\" \/><\/a>Comemorando os 50 anos da fita de grava\u00e7\u00e3o no Brasil, a BASF em 1984 brindou \u00e0 um limitado p\u00fablico com esta antologia sobre &#8220;50 Anos de Mem\u00f3ria Brasileira&#8221;. O trabalho, obviamente, foi apresentado em fita cassete (lembram dela?). Nele, uma equipe de pesquisadores, coordenada por Maur\u00edcio Quadrio, procurou reunir todos os fonogramas e registros poss\u00edveis sobre nossa hist\u00f3ria recente. Esta fita \u00e9 bem ao estilo do lp Nosso Tempo. H\u00e1 inclusive uma s\u00e9rie de fotogramas que s\u00e3o os mesmo do disco. Mesmo assim, n\u00e3o deixa de ser um trabalho valioso que merece estar dispon\u00edvel para todos. <\/div>\n<div align=\"left\"><\/div>\n<div align=\"left\"><\/div>\n","protected":false},"excerpt":{"rendered":"<p>Comemorando os 50 anos da fita de grava\u00e7\u00e3o no Brasil, a BASF em 1984 brindou \u00e0 um limitado p\u00fablico com esta antologia sobre &#8220;50 Anos de Mem\u00f3ria Brasileira&#8221;. O trabalho, obviamente, foi apresentado em fita cassete (lembram dela?). Nele, uma &hellip; <a href=\"https:\/\/www.toque-musicall.com\/?p=1306\">Continue lendo <span class=\"meta-nav\">&rarr;<\/span><\/a><\/p>\n","protected":false},"author":1,"featured_media":0,"comment_status":"open","ping_status":"closed","sticky":false,"template":"","format":"standard","meta":{"footnotes":""},"categories":[1517,658],"tags":[],"class_list":["post-1306","post","type-post","status-publish","format-standard","hentry","category-basf-50-anos-de-memoria-brasileira-1934-84","category-extras"],"_links":{"self":[{"href":"https:\/\/www.toque-musicall.com\/index.php?rest_route=\/wp\/v2\/posts\/1306","targetHints":{"allow":["GET"]}}],"collection":[{"href":"https:\/\/www.toque-musicall.com\/index.php?rest_route=\/wp\/v2\/posts"}],"about":[{"href":"https:\/\/www.toque-musicall.com\/index.php?rest_route=\/wp\/v2\/types\/post"}],"author":[{"embeddable":true,"href":"https:\/\/www.toque-musicall.com\/index.php?rest_route=\/wp\/v2\/users\/1"}],"replies":[{"embeddable":true,"href":"https:\/\/www.toque-musicall.com\/index.php?rest_route=%2Fwp%2Fv2%2Fcomments&post=1306"}],"version-history":[{"count":0,"href":"https:\/\/www.toque-musicall.com\/index.php?rest_route=\/wp\/v2\/posts\/1306\/revisions"}],"wp:attachment":[{"href":"https:\/\/www.toque-musicall.com\/index.php?rest_route=%2Fwp%2Fv2%2Fmedia&parent=1306"}],"wp:term":[{"taxonomy":"category","embeddable":true,"href":"https:\/\/www.toque-musicall.com\/index.php?rest_route=%2Fwp%2Fv2%2Fcategories&post=1306"},{"taxonomy":"post_tag","embeddable":true,"href":"https:\/\/www.toque-musicall.com\/index.php?rest_route=%2Fwp%2Fv2%2Ftags&post=1306"}],"curies":[{"name":"wp","href":"https:\/\/api.w.org\/{rel}","templated":true}]}}