{"id":1307,"date":"2009-01-30T21:35:00","date_gmt":"2009-01-30T21:35:00","guid":{"rendered":"http:\/\/www.toque-musicall.com\/?p=1307"},"modified":"2009-01-30T21:35:00","modified_gmt":"2009-01-30T21:35:00","slug":"o-brasil-canta-por-um-mundo-melhor-brazilo-kantas-por-pli-bona-mondo-1970","status":"publish","type":"post","link":"https:\/\/www.toque-musicall.com\/?p=1307","title":{"rendered":"O Brasil Canta Por Um Mundo Melhor &#8211; Brazilo Kantas Por Pli Bona Mondo (1970)"},"content":{"rendered":"<p><a href=\"http:\/\/4.bp.blogspot.com\/_DSKVEvHtskc\/SYNzebFlAtI\/AAAAAAAADS0\/JRA8yobQ5j0\/s1600-h\/frenteP.JPG\"><img decoding=\"async\" id=\"BLOGGER_PHOTO_ID_5297204553222259410\" style=\"DISPLAY: block; MARGIN: 0px auto 10px; WIDTH: 400px; CURSOR: hand; HEIGHT: 400px; TEXT-ALIGN: center\" alt=\"\" src=\"http:\/\/4.bp.blogspot.com\/_DSKVEvHtskc\/SYNzebFlAtI\/AAAAAAAADS0\/JRA8yobQ5j0\/s400\/frenteP.JPG\" border=\"0\" \/><\/a><\/p>\n<div align=\"left\">Hoje o dia foi foda! Desculpe-me a express\u00e3o. Mas s\u00f3 agora estou conseguindo construir e publicar a postagem do dia. E mesmo assim terei que ser breve, pois tenho ainda uma estrada pela frente. Algu\u00e9m aqui fala Esperanto? Ent\u00e3o escuta&#8230;<\/div>\n<div align=\"left\">Mais um trabalho fonogr\u00e1fico interessante e curioso temos para esta sexta-feira. Um disco gravado em Esperanto. &#8220;Brazilo kantas por pli bona mondo&#8221; (O Brasil canta por um mundo melhor), foi um \u00e1lbum idealizado pelo professor Sylla Chaves, um dos mais importantes esperantistas brasileiros, membro da Academia de Esperanto, jornalista, escritor e poeta. O lp apresenta ao p\u00fablico uma amostra do que \u00e9 o Esperanto, atrav\u00e9s de uma sele\u00e7\u00e3o de poemas e cl\u00e1ssicos musicais de consagrados autores brasileiros, vertidos para esta l\u00edngua por Sylla Chaves. Participam do \u00e1lbum Franca Fenatti, Antonio Jo\u00e3o e Aurora Miranda. Os arranjos e reg\u00eancia s\u00e3o do maestro Cip\u00f3. <\/div>\n<div align=\"left\">Para aqueles que n\u00e3o sabem, o Esperanto \u00e9 uma l\u00edngua neutra auxiliar e internacional, criada por L\u00e1zaro Zamenhof, na Pol\u00f4nia em 1887. Seu objetivo principal \u00e9 facilitar a comunica\u00e7\u00e3o entre povos de idiomas diferentes. Embora pouco divulgado, ele est\u00e1 presente em mais 120 pa\u00edses pelo mundo. Dizem que \u00e9 uma l\u00edngua relativamente f\u00e1cil de se aprender. No Brasil existem muitos adeptos e sua atua\u00e7\u00e3o \u00e9 constante. Saiba mais a respeito do Esperanto atrav\u00e9s do site <a href=\"http:\/\/esperanto.org.br\/p\/\">Liga Brasileira de Esperanto<\/a>.<\/div>\n<p><\/p>\n<div align=\"center\">esperanto &#8211; apresenta\u00e7\u00e3o<\/div>\n<div align=\"center\">cinco n\u00e1ufragos \/ kvin dronintoj &#8211; syllas chaves<\/div>\n<div align=\"center\">ave maria do morro \/ avemaria en la monto &#8211; franca fenati<\/div>\n<div align=\"center\">hino \/ himno &#8211; syllas chaves<\/div>\n<div align=\"center\">cai, cai, bal\u00e3o \/ tuj, tuj, balon &#8211; aurora miranda<\/div>\n<div align=\"center\">jos\u00e9 \/ jozefo &#8211; sylla chaves<\/div>\n<div align=\"center\">quero que v\u00e1 tudo pro inferno \/ iru cio al la inferno &#8211; franca fenati<\/div>\n<div align=\"center\">luar do sert\u00e3o \/ internlanda luno &#8211; antonio jo\u00e3o<\/div>\n<div align=\"center\">ningu\u00e9m me ama \/ neniu amas min &#8211; aurora miranda<\/div>\n<div align=\"center\">maring\u00e1 &#8211; antonio jo\u00e3o<\/div>\n<div align=\"center\">a banda \/ la muzikistaro &#8211; franca fenati<\/div>\n<div align=\"center\">ch\u00e3o de estrelas \/ planko stelplena &#8211; antonio jo\u00e3o<\/div>\n<div align=\"center\">tico tico no fub\u00e1 \/ zonotriko en la faruno &#8211; aurora miranda<\/div>\n<div align=\"center\"><\/div>\n<div align=\"center\"><\/div>\n<div align=\"center\"> <\/div>\n<div align=\"center\"> <\/div>\n","protected":false},"excerpt":{"rendered":"<p>Hoje o dia foi foda! Desculpe-me a express\u00e3o. Mas s\u00f3 agora estou conseguindo construir e publicar a postagem do dia. E mesmo assim terei que ser breve, pois tenho ainda uma estrada pela frente. Algu\u00e9m aqui fala Esperanto? Ent\u00e3o escuta&#8230; &hellip; <a href=\"https:\/\/www.toque-musicall.com\/?p=1307\">Continue lendo <span class=\"meta-nav\">&rarr;<\/span><\/a><\/p>\n","protected":false},"author":1,"featured_media":0,"comment_status":"open","ping_status":"closed","sticky":false,"template":"","format":"standard","meta":{"footnotes":""},"categories":[933,658,1200,1518],"tags":[],"class_list":["post-1307","post","type-post","status-publish","format-standard","hentry","category-aurora-miranda","category-extras","category-maestro-cipo","category-o-brasil-canta-por-um-mundo-melhor-brazilo-kantas-por-pli-bona-mondo"],"_links":{"self":[{"href":"https:\/\/www.toque-musicall.com\/index.php?rest_route=\/wp\/v2\/posts\/1307","targetHints":{"allow":["GET"]}}],"collection":[{"href":"https:\/\/www.toque-musicall.com\/index.php?rest_route=\/wp\/v2\/posts"}],"about":[{"href":"https:\/\/www.toque-musicall.com\/index.php?rest_route=\/wp\/v2\/types\/post"}],"author":[{"embeddable":true,"href":"https:\/\/www.toque-musicall.com\/index.php?rest_route=\/wp\/v2\/users\/1"}],"replies":[{"embeddable":true,"href":"https:\/\/www.toque-musicall.com\/index.php?rest_route=%2Fwp%2Fv2%2Fcomments&post=1307"}],"version-history":[{"count":0,"href":"https:\/\/www.toque-musicall.com\/index.php?rest_route=\/wp\/v2\/posts\/1307\/revisions"}],"wp:attachment":[{"href":"https:\/\/www.toque-musicall.com\/index.php?rest_route=%2Fwp%2Fv2%2Fmedia&parent=1307"}],"wp:term":[{"taxonomy":"category","embeddable":true,"href":"https:\/\/www.toque-musicall.com\/index.php?rest_route=%2Fwp%2Fv2%2Fcategories&post=1307"},{"taxonomy":"post_tag","embeddable":true,"href":"https:\/\/www.toque-musicall.com\/index.php?rest_route=%2Fwp%2Fv2%2Ftags&post=1307"}],"curies":[{"name":"wp","href":"https:\/\/api.w.org\/{rel}","templated":true}]}}