{"id":131,"date":"2012-03-03T14:24:00","date_gmt":"2012-03-03T14:24:00","guid":{"rendered":"http:\/\/www.toque-musicall.com\/?p=131"},"modified":"2012-03-03T14:24:00","modified_gmt":"2012-03-03T14:24:00","slug":"a-musica-de-makely-ka-2012","status":"publish","type":"post","link":"https:\/\/www.toque-musicall.com\/?p=131","title":{"rendered":"A M\u00fasica De Makely Ka (2012)"},"content":{"rendered":"<p><a href=\"http:\/\/1.bp.blogspot.com\/-CxoeJi4XsTM\/T1JSP595WsI\/AAAAAAAABKU\/Qq4tMk1QdBw\/s1600\/CAPAp.JPG\"><img decoding=\"async\" style=\"display:block; margin:0px auto 10px; text-align:center;cursor:pointer; cursor:hand;width: 400px; height: 400px;\" src=\"http:\/\/1.bp.blogspot.com\/-CxoeJi4XsTM\/T1JSP595WsI\/AAAAAAAABKU\/Qq4tMk1QdBw\/s400\/CAPAp.JPG\" border=\"0\" alt=\"\" id=\"BLOGGER_PHOTO_ID_5715721310298528450\" \/><\/a><a href=\"http:\/\/2.bp.blogspot.com\/-B29N8Ol_yyk\/T1JSJU7okkI\/AAAAAAAABKI\/n-OQUBKT-NY\/s1600\/CONTRACAPAp.JPG\"><img decoding=\"async\" style=\"display:block; margin:0px auto 10px; text-align:center;cursor:pointer; cursor:hand;width: 400px; height: 400px;\" src=\"http:\/\/2.bp.blogspot.com\/-B29N8Ol_yyk\/T1JSJU7okkI\/AAAAAAAABKI\/n-OQUBKT-NY\/s400\/CONTRACAPAp.JPG\" border=\"0\" alt=\"\" id=\"BLOGGER_PHOTO_ID_5715721197277712962\" \/><\/a>Boa tarde, amigos cultos, ocultos e associados! L\u00e1 vamos n\u00f3s para mais uma produ\u00e7\u00e3o especial, uma colet\u00e2nea bem bacana, reunida pelo meu amigo Edu Pampani, da Discoteca P\u00fablica e com a devida permiss\u00e3o do artista. Estamos falando aqui de Makely Ka, compositor, poeta e editor, um dos mais brilhantes e inquietos artistas mineiros dos \u00faltimos tempos. Suas can\u00e7\u00f5es j\u00e1 atravessaram as montanhas e  tem sido gravadas por diversos int\u00e9rpretes, no Brasil e exterior. O trabalho musical de Makely, como voc\u00eas ver\u00e3o (e ouvir\u00e3o, claro), est\u00e1 bem acima da m\u00e9dia do que \u00e9 produzido hoje em termos m\u00fasica popular. \u00c9 m\u00fasica honesta, para um p\u00fablico honesto. Est\u00e3o reunidas aqui diferentes grava\u00e7\u00f5es e interpretes, inclusive o pr\u00f3prio Makely, em produ\u00e7\u00f5es recentes da nova safra independente mineira.<\/p>\n<div>Eu penso que para se fazer uma colet\u00e2nea de um determinado artista, s\u00f3 vale se for uma homenagem p\u00f3stuma, ou se o cabra for mesmo bom de servi\u00e7o, merecendo assim a aten\u00e7\u00e3o e o toque musical. Podem ter certeza, Makely Ka merece e voc\u00eas ir\u00e3o confirmar. Vamos ouvir?<\/div>\n<div><\/div>\n<div style=\"text-align: center;\">andante &#8211; marina machado e regina sp\u00f3sito<\/div>\n<div style=\"text-align: center;\">xote polaco &#8211; kristoff silca<\/div>\n<div style=\"text-align: center;\">o chamador &#8211; titane<\/div>\n<div style=\"text-align: center;\">atemporal &#8211; pablo castro, kristoff silva e makely ka<\/div>\n<div style=\"text-align: center;\">costura &#8211; leopoldina<\/div>\n<div style=\"text-align: center;\">samba sim &#8211; julia ribas<\/div>\n<div style=\"text-align: center;\">a luz \u00e9 como a \u00e1gua &#8211; mariana nunes<\/div>\n<div style=\"text-align: center;\">monotonia gris &#8211; ma\u00edsa moura<\/div>\n<div style=\"text-align: center;\">mar deserto &#8211; kristoff silva<\/div>\n<div style=\"text-align: center;\">solst\u00edcio de inverno &#8211; ma\u00edsa moura<\/div>\n<div style=\"text-align: center;\">o drag\u00e3o da maldade contra o santo guerreiro &#8211; malely ka e aline calixto<\/div>\n<div style=\"text-align: center;\">impag\u00e1vel &#8211; leonora weissmann<\/div>\n<div style=\"text-align: center;\">eu n\u00e3o &#8211; titante<\/div>\n<div style=\"text-align: center;\">o amor &#8211; regina sp\u00f3sito<\/div>\n<div style=\"text-align: center;\">uma conf\u00e1bula &#8211; makely ka<\/div>\n<div style=\"text-align: center;\">camara escura &#8211; sergio perer\u00ea<\/div>\n<div style=\"text-align: center;\">santu\u00e1rio &#8211; mestre jonas<\/div>\n<div style=\"text-align: center;\">fio descapado &#8211; juliana perdig\u00e3o<\/div>\n<div style=\"text-align: center;\">queixumes &#8211; alda rezende<\/div>\n<div style=\"text-align: center;\">samba solto &#8211; alda rezende<\/div>\n<div style=\"text-align: center;\"><\/div>\n<div style=\"text-align: center;\"><\/div>\n","protected":false},"excerpt":{"rendered":"<p>Boa tarde, amigos cultos, ocultos e associados! L\u00e1 vamos n\u00f3s para mais uma produ\u00e7\u00e3o especial, uma colet\u00e2nea bem bacana, reunida pelo meu amigo Edu Pampani, da Discoteca P\u00fablica e com a devida permiss\u00e3o do artista. Estamos falando aqui de Makely &hellip; <a href=\"https:\/\/www.toque-musicall.com\/?p=131\">Continue lendo <span class=\"meta-nav\">&rarr;<\/span><\/a><\/p>\n","protected":false},"author":1,"featured_media":0,"comment_status":"open","ping_status":"closed","sticky":false,"template":"","format":"standard","meta":{"footnotes":""},"categories":[64,11,239],"tags":[],"class_list":["post-131","post","type-post","status-publish","format-standard","hentry","category-coletanea","category-exclusivos-do-toque-musical","category-makely-ka"],"_links":{"self":[{"href":"https:\/\/www.toque-musicall.com\/index.php?rest_route=\/wp\/v2\/posts\/131","targetHints":{"allow":["GET"]}}],"collection":[{"href":"https:\/\/www.toque-musicall.com\/index.php?rest_route=\/wp\/v2\/posts"}],"about":[{"href":"https:\/\/www.toque-musicall.com\/index.php?rest_route=\/wp\/v2\/types\/post"}],"author":[{"embeddable":true,"href":"https:\/\/www.toque-musicall.com\/index.php?rest_route=\/wp\/v2\/users\/1"}],"replies":[{"embeddable":true,"href":"https:\/\/www.toque-musicall.com\/index.php?rest_route=%2Fwp%2Fv2%2Fcomments&post=131"}],"version-history":[{"count":0,"href":"https:\/\/www.toque-musicall.com\/index.php?rest_route=\/wp\/v2\/posts\/131\/revisions"}],"wp:attachment":[{"href":"https:\/\/www.toque-musicall.com\/index.php?rest_route=%2Fwp%2Fv2%2Fmedia&parent=131"}],"wp:term":[{"taxonomy":"category","embeddable":true,"href":"https:\/\/www.toque-musicall.com\/index.php?rest_route=%2Fwp%2Fv2%2Fcategories&post=131"},{"taxonomy":"post_tag","embeddable":true,"href":"https:\/\/www.toque-musicall.com\/index.php?rest_route=%2Fwp%2Fv2%2Ftags&post=131"}],"curies":[{"name":"wp","href":"https:\/\/api.w.org\/{rel}","templated":true}]}}