{"id":1311,"date":"2009-01-27T14:14:00","date_gmt":"2009-01-27T14:14:00","guid":{"rendered":"http:\/\/www.toque-musicall.com\/?p=1311"},"modified":"2009-01-27T14:14:00","modified_gmt":"2009-01-27T14:14:00","slug":"antonio-maria-nova-historia-da-musica-popular-brasileira-1978-5","status":"publish","type":"post","link":"https:\/\/www.toque-musicall.com\/?p=1311","title":{"rendered":"Antonio Maria &#8211; Nova Hist\u00f3ria Da M\u00fasica Popular Brasileira (1978) 5"},"content":{"rendered":"<p><a href=\"http:\/\/2.bp.blogspot.com\/_DSKVEvHtskc\/SX8XH0mR85I\/AAAAAAAADRw\/YxEoq350eks\/s1600-h\/antonio+maria+-+P.JPG\"><img decoding=\"async\" id=\"BLOGGER_PHOTO_ID_5295977109956719506\" style=\"DISPLAY: block; MARGIN: 0px auto 10px; WIDTH: 379px; CURSOR: hand; HEIGHT: 400px; TEXT-ALIGN: center\" alt=\"\" src=\"http:\/\/2.bp.blogspot.com\/_DSKVEvHtskc\/SX8XH0mR85I\/AAAAAAAADRw\/YxEoq350eks\/s400\/antonio+maria+-+P.JPG\" border=\"0\" \/><\/a> Ol\u00e1 amigos, cada vez mais cultos que ocultos! Espero que tenham relaxado com o disco de ontem. De vez em quanto \u00e9 bom t\u00ea-lo a m\u00e3o para umas pr\u00e1ticazinhas \ud83d\ude42<br \/>Inicialmente quero fazer p\u00fablico os meus sinceros agradecimentos ao amigo Carlos, que mais uma vez contribuiu para com a qualidade da nossa postagem. Valeu demais!<br \/>Aqui estamos n\u00f3s com mais um exemplar da cole\u00e7\u00e3o Nova Hist\u00f3ria da M\u00fasica Popular Brasileira. Seguindo, como foi dito, uma ordem alfab\u00e9tica. O n\u00famero desta semana \u00e9 dedicado ao cronista e compositor Antonio Maria. N\u00e3o vou entrar em detalhes porque estes j\u00e1 est\u00e3o inclu\u00eddos. S\u00f3 tenho a dizer que \u00e9 um \u00e1lbum nota 10 da cole\u00e7\u00e3o. Embora sempre fique um gostinho de &#8216;quero mais&#8217;.<\/p>\n<div align=\"center\">menino grande &#8211; nora ney<\/div>\n<div align=\"center\">ningu\u00e9m me ama &#8211; nora ney<\/div>\n<div align=\"center\">se eu morresse amanh\u00e3 de manh\u00e3 &#8211; dircinha batista<\/div>\n<div align=\"center\">frevo n.2 do recife &#8211; maria bethania<\/div>\n<div align=\"center\">valsa de uma cidade &#8211; os cariocas<\/div>\n<div align=\"center\">can\u00e3o da volta &#8211; dolores duran<\/div>\n<div align=\"center\">suas m\u00e3os &#8211; silvia telles<\/div>\n<div align=\"center\">manh\u00e3 de carnaval &#8211; jo\u00e3o gilberto<\/div>\n<div align=\"center\"><\/div>\n<div align=\"center\"><\/div>\n<div align=\"center\"><\/div>\n<div align=\"center\"><\/div>\n","protected":false},"excerpt":{"rendered":"<p>Ol\u00e1 amigos, cada vez mais cultos que ocultos! Espero que tenham relaxado com o disco de ontem. De vez em quanto \u00e9 bom t\u00ea-lo a m\u00e3o para umas pr\u00e1ticazinhas \ud83d\ude42Inicialmente quero fazer p\u00fablico os meus sinceros agradecimentos ao amigo Carlos, &hellip; <a href=\"https:\/\/www.toque-musicall.com\/?p=1311\">Continue lendo <span class=\"meta-nav\">&rarr;<\/span><\/a><\/p>\n","protected":false},"author":1,"featured_media":0,"comment_status":"open","ping_status":"closed","sticky":false,"template":"","format":"standard","meta":{"footnotes":""},"categories":[1521,1330,223,164,292,569,160,290,1522],"tags":[],"class_list":["post-1311","post","type-post","status-publish","format-standard","hentry","category-antonio-maria","category-colecoes","category-dircinha-batista","category-dolores-duran","category-joao-gilberto","category-maria-bethania","category-nora-ney","category-os-cariocas","category-silvia-telles"],"_links":{"self":[{"href":"https:\/\/www.toque-musicall.com\/index.php?rest_route=\/wp\/v2\/posts\/1311","targetHints":{"allow":["GET"]}}],"collection":[{"href":"https:\/\/www.toque-musicall.com\/index.php?rest_route=\/wp\/v2\/posts"}],"about":[{"href":"https:\/\/www.toque-musicall.com\/index.php?rest_route=\/wp\/v2\/types\/post"}],"author":[{"embeddable":true,"href":"https:\/\/www.toque-musicall.com\/index.php?rest_route=\/wp\/v2\/users\/1"}],"replies":[{"embeddable":true,"href":"https:\/\/www.toque-musicall.com\/index.php?rest_route=%2Fwp%2Fv2%2Fcomments&post=1311"}],"version-history":[{"count":0,"href":"https:\/\/www.toque-musicall.com\/index.php?rest_route=\/wp\/v2\/posts\/1311\/revisions"}],"wp:attachment":[{"href":"https:\/\/www.toque-musicall.com\/index.php?rest_route=%2Fwp%2Fv2%2Fmedia&parent=1311"}],"wp:term":[{"taxonomy":"category","embeddable":true,"href":"https:\/\/www.toque-musicall.com\/index.php?rest_route=%2Fwp%2Fv2%2Fcategories&post=1311"},{"taxonomy":"post_tag","embeddable":true,"href":"https:\/\/www.toque-musicall.com\/index.php?rest_route=%2Fwp%2Fv2%2Ftags&post=1311"}],"curies":[{"name":"wp","href":"https:\/\/api.w.org\/{rel}","templated":true}]}}