{"id":1314,"date":"2009-01-25T09:57:00","date_gmt":"2009-01-25T09:57:00","guid":{"rendered":"http:\/\/www.toque-musicall.com\/?p=1314"},"modified":"2009-01-25T09:57:00","modified_gmt":"2009-01-25T09:57:00","slug":"brasil-na-copa-do-mundo-campeao-mundial-vi-copa-do-mundo-1958","status":"publish","type":"post","link":"https:\/\/www.toque-musicall.com\/?p=1314","title":{"rendered":"Brasil!!! Na Copa Do Mundo &#8211; Campe\u00e3o Mundial VI Copa Do Mundo (1958)"},"content":{"rendered":"<p><a href=\"http:\/\/4.bp.blogspot.com\/_DSKVEvHtskc\/SXw8urbDC3I\/AAAAAAAADRI\/LiBJbjHi8vI\/s1600-h\/Brasil+P.JPG\"><img decoding=\"async\" alt=\"\" border=\"0\" id=\"BLOGGER_PHOTO_ID_5295174034508680050\" src=\"http:\/\/4.bp.blogspot.com\/_DSKVEvHtskc\/SXw8urbDC3I\/AAAAAAAADRI\/LiBJbjHi8vI\/s400\/Brasil+P.JPG\" style=\"cursor: hand; display: block; height: 400px; margin: 0px auto 10px; text-align: center; width: 392px;\" \/><\/a> Hoje \u00e9 domingo, dia de futebol. Meu time tamb\u00e9m joga hoje, mas eu n\u00e3o vou mais ao campo. Jurei que s\u00f3 voltaria a ver um jogo se pelo menos num ano ele fosse campe\u00e3o. J\u00e1 vai para mais de vinte anos isso&#8230; No fundo, eu perdi mesmo o encanto com futebol n\u00e3o foi apenas por essa raz\u00e3o. Nos \u00faltimos vinte ou trinta anos pra c\u00e1 o futebol mudou muito. Deixou de ser um esporte para se tornar um espet\u00e1culo. Da\u00ed fudeu tudo&#8230; Espet\u00e1culo \u00e9 sin\u00f4nimo de grandiosidade, glamour, vaidade, falsidade e principalmente de muito dinheiro. Parece que hoje tudo \u00e9 feito na base do espetacular. Tudo gira em torno da grana. Paradoxalmente eu digo, que pobreza!<br \/>O futebol deixou de ser para mim o que era depois que se tornou um neg\u00f3cio rent\u00e1vel. Hoje em dia n\u00f3s n\u00e3o temos atletas, jogadores de futebol. Temos sim astros e mercen\u00e1rios do futebol. Ningu\u00e9m hoje est\u00e1 interessado em suar a camisa por um time, s\u00f3 mesmo os novatos e os reservas. O que esses caras querem \u00e9 a lux\u00faria (em todos os sentidos da palavra). A mesma lux\u00faria em que vivem os artistas, ou melhor, as celebridades. Hoje em dia temos as tais &#8220;celebridades&#8221;, que vai do jogador de futebol, passando pelos artistas de tv, duplas sertanejas, funkeiros e rappers, novos ricos, pol\u00edticos e indo at\u00e9 aquela boazuda que participou do BBB e agora posa nua na Playboy. \u00c9, meus amigos, o mundo est\u00e1 mudado!<br \/>Bom exemplo de uma \u00e9poca de ouro est\u00e1 aqui neste disco. Eu nem tinha nascido, mas nem precisa para saber que, nesse sentido, o mundo era bem melhor. Este disco celebra o primeiro campeonato mundial ganhado pelo Brasil. Um time de craques formado por aut\u00eanticos brasileiros. Temos no lp os registros dos melhores momentos do time brasileiro em todas as fases, culminando na final contra a Su\u00e9cia por 5 a 2. O disco apresenta trechos originais das transmiss\u00f5es feitas pelas emissoras Pan Americana de S\u00e3o Paulo e Continental do Rio, nas vozes dos radialistas esportivos Geraldo Jos\u00e9 de Almeida e Waldir Amaral. No \u00e1lbum temos tamb\u00e9m dois temas musicais sem os cr\u00e9ditos publicados. Eu infelizmente n\u00e3o consegui localizar nem t\u00edtulo e nem autor. Seja como for&#8230; viva o Brasil!<\/p>\n<div align=\"center\">abertura musical<\/div>\n<div align=\"center\">oitavas e quartas de final<\/div>\n<div align=\"center\">semi final e final<\/div>\n<div align=\"center\">final musical &#8211; o brasil \u00e9 campe\u00e3o<\/div>\n<div align=\"center\"><\/div>\n<div align=\"center\"><\/div>\n<div align=\"center\"><\/div>\n<div align=\"center\"><\/div>\n","protected":false},"excerpt":{"rendered":"<p>Hoje \u00e9 domingo, dia de futebol. Meu time tamb\u00e9m joga hoje, mas eu n\u00e3o vou mais ao campo. Jurei que s\u00f3 voltaria a ver um jogo se pelo menos num ano ele fosse campe\u00e3o. J\u00e1 vai para mais de vinte &hellip; <a href=\"https:\/\/www.toque-musicall.com\/?p=1314\">Continue lendo <span class=\"meta-nav\">&rarr;<\/span><\/a><\/p>\n","protected":false},"author":1,"featured_media":0,"comment_status":"open","ping_status":"closed","sticky":false,"template":"","format":"standard","meta":{"footnotes":""},"categories":[1525,658,86],"tags":[],"class_list":["post-1314","post","type-post","status-publish","format-standard","hentry","category-brasil-na-copa-do-mundo-de-1958","category-extras","category-selo-odeon"],"_links":{"self":[{"href":"https:\/\/www.toque-musicall.com\/index.php?rest_route=\/wp\/v2\/posts\/1314","targetHints":{"allow":["GET"]}}],"collection":[{"href":"https:\/\/www.toque-musicall.com\/index.php?rest_route=\/wp\/v2\/posts"}],"about":[{"href":"https:\/\/www.toque-musicall.com\/index.php?rest_route=\/wp\/v2\/types\/post"}],"author":[{"embeddable":true,"href":"https:\/\/www.toque-musicall.com\/index.php?rest_route=\/wp\/v2\/users\/1"}],"replies":[{"embeddable":true,"href":"https:\/\/www.toque-musicall.com\/index.php?rest_route=%2Fwp%2Fv2%2Fcomments&post=1314"}],"version-history":[{"count":0,"href":"https:\/\/www.toque-musicall.com\/index.php?rest_route=\/wp\/v2\/posts\/1314\/revisions"}],"wp:attachment":[{"href":"https:\/\/www.toque-musicall.com\/index.php?rest_route=%2Fwp%2Fv2%2Fmedia&parent=1314"}],"wp:term":[{"taxonomy":"category","embeddable":true,"href":"https:\/\/www.toque-musicall.com\/index.php?rest_route=%2Fwp%2Fv2%2Fcategories&post=1314"},{"taxonomy":"post_tag","embeddable":true,"href":"https:\/\/www.toque-musicall.com\/index.php?rest_route=%2Fwp%2Fv2%2Ftags&post=1314"}],"curies":[{"name":"wp","href":"https:\/\/api.w.org\/{rel}","templated":true}]}}