{"id":1315,"date":"2009-01-24T12:12:00","date_gmt":"2009-01-24T12:12:00","guid":{"rendered":"http:\/\/www.toque-musicall.com\/?p=1315"},"modified":"2009-01-24T12:12:00","modified_gmt":"2009-01-24T12:12:00","slug":"jk-e-grupo-de-seresta-de-diamantina-jk-em-serenata-1967","status":"publish","type":"post","link":"https:\/\/www.toque-musicall.com\/?p=1315","title":{"rendered":"JK E Grupo De Seresta De Diamantina &#8211; JK Em Serenata (1967)"},"content":{"rendered":"<div align=\"left\"><a href=\"http:\/\/3.bp.blogspot.com\/_DSKVEvHtskc\/SXsJ2bEAaYI\/AAAAAAAADRA\/MrSHDRPHDnw\/s1600-h\/JK+P.JPG\"><img decoding=\"async\" id=\"BLOGGER_PHOTO_ID_5294836617486297474\" style=\"DISPLAY: block; MARGIN: 0px auto 10px; WIDTH: 395px; CURSOR: hand; HEIGHT: 400px; TEXT-ALIGN: center\" alt=\"\" src=\"http:\/\/3.bp.blogspot.com\/_DSKVEvHtskc\/SXsJ2bEAaYI\/AAAAAAAADRA\/MrSHDRPHDnw\/s400\/JK+P.JPG\" border=\"0\" \/><\/a> Estou impressionado com o n\u00famero de solicita\u00e7\u00f5es que em pouco mais de 24 horas eu recebi. Realmente percebo o quanto temos de gente ligada no blog Toque Musical. Considerando que a m\u00e9dia de acessos por aqui \u00e9 por volta de 500, acredito que ainda receberei muitos pedidos de inclus\u00e3o. Minha d\u00favida ainda persiste quanto ao n\u00famero de participantes em um blog privado. Se algu\u00e9m mais inteirado dos recursos de blog puder me dar um dica, pois devo confessar, sou bem limitado nesse assunto. Como eu j\u00e1 havia dito, n\u00e3o acharia nada legal levar nossos encontros para o privado (se minha mulher souber disso&#8230; hehehe&#8230;). Mas s\u00e9rio mesmo, minha preocupa\u00e7\u00e3o \u00e9 quanto ao acesso. Gostaria de criar um sistema onde, mesmo sendo um grupo fechado, tivesse uma visibilidade para aqueles que por ventura quisessem futuramente participar. Algo como os grupos de discuss\u00e3o. Ser\u00e1 que conseguiremos algo assim? Por enquanto, o que posso fazer \u00e9 pegar o contato de cada um, prevendo uma poss\u00edvel tempestade pela frente. Tomara que n\u00e3o venha nunca. Conto com a colabora\u00e7\u00e3o de quem puder dar.<\/div>\n<div align=\"left\">Seguindo enfrente com nossas postagens fonogr\u00e1ficas e ainda na onda das curiosidades, tenho aqui um disco e tanto. Este \u00e1lbum de seresta, que na \u00e9poca de seu lan\u00e7amento fez um baita sucesso. Um disco com um dos mais populares presidentes do pa\u00eds, Jucelino Kubitschek ao lado do Grupo de Seresta de Diamantina. <\/div>\n<div align=\"left\">Como deve ser do conhecimento de todos, JK era mineiro de Diamantina e como um bom diamantinense, um amante da seresta. Embora fosse chamado de &#8220;Presidente Bossa Nova&#8221;, seu neg\u00f3cio mesmo era a seresta. Segundo contam, ele s\u00f3 n\u00e3o suportava mais ouvir o tal de &#8220;Peixe Vivo&#8221;, pois em todo lugar que ia, algu\u00e9m cantava essa m\u00fasica seresteira. Virou sem querer o tema de JK. <\/div>\n<div align=\"left\">Mas quanto ao disco, este feito memor\u00e1vel, e porque n\u00e3o dizer hist\u00f3rico, foi registrado em 1967 em Belo Horizonte, pela Bemol. Conforme Dirceu Cheib, engenheiro de som, pioneiro em Minas Gerais e dono da Bemol, *&#8230;<em>logo no primeiro ano de atividade do est\u00fadio em 67 , nos conseguimos trazer o presidente Juscelino Kubitschek. Ele sabendo da grava\u00e7\u00e3o do disco \u201cDiamantina em Serenata\u201d, logo se prontificou em fazer a abertura e redigiu um pequeno texto de improviso. O disco teve uma repercuss\u00e3o nacional, porque naquela \u00e9poca, mais do que hoje o JK era um grande \u00eddolo.<\/em> <\/div>\n<div align=\"left\">O fato \u00e9 que no ano seguinte, com a vinda do AI-5 o \u00e1lbum acabou sendo recolhido (sem motivo aparente, al\u00e9m da figura de JK) e o pessoal da Bemol foi parar na Pol\u00edcia Federal. O disco caiu no esquecimento, pondo fim ao que seria o primeiro grande sucesso da gravadora. Hoje, apenas alguns poucos colecionadores possuem este disco. Uma raridade!<\/div>\n<p><\/p>\n<div align=\"center\">mensagem de jk<\/div>\n<div align=\"center\">recorda-te de mim<\/div>\n<div align=\"center\">\u00e9 a ti flor do c\u00e9u<\/div>\n<div align=\"center\">meiga virgem<\/div>\n<div align=\"center\">a sempre viva<\/div>\n<div align=\"center\">varrer-te da mem\u00f3ria<\/div>\n<div align=\"center\">elvira escuta<\/div>\n<div align=\"center\">imposs\u00edvel<\/div>\n<div align=\"center\">pout pourri (folclore)<\/div>\n<div align=\"center\"> <\/div>\n<div align=\"left\"><em><span style=\"font-size:78%;\">*extra\u00eddo do site <\/span><\/em><em><span style=\"font-size:78%;\"><a href=\"http:\/\/www.bemolstudio.com.br\/\">http:\/\/www.bemolstudio.com.br<\/a><\/span><\/em><\/div>\n<div align=\"left\"><span  style=\"font-size:85%;\"><span style=\"font-size: 10px;\"><i><br \/><\/i><\/span><\/span><\/div>\n<div align=\"left\"><span  style=\"font-size:85%;\"><span style=\"font-size: 10px;\"><i><br \/><\/i><\/span><\/span><\/div>\n<div align=\"left\"> <\/div>\n","protected":false},"excerpt":{"rendered":"<p>Estou impressionado com o n\u00famero de solicita\u00e7\u00f5es que em pouco mais de 24 horas eu recebi. Realmente percebo o quanto temos de gente ligada no blog Toque Musical. Considerando que a m\u00e9dia de acessos por aqui \u00e9 por volta de &hellip; <a href=\"https:\/\/www.toque-musicall.com\/?p=1315\">Continue lendo <span class=\"meta-nav\">&rarr;<\/span><\/a><\/p>\n","protected":false},"author":1,"featured_media":0,"comment_status":"open","ping_status":"closed","sticky":false,"template":"","format":"standard","meta":{"footnotes":""},"categories":[658,1526],"tags":[],"class_list":["post-1315","post","type-post","status-publish","format-standard","hentry","category-extras","category-jk-e-grupo-de-seresta-de-diamantina"],"_links":{"self":[{"href":"https:\/\/www.toque-musicall.com\/index.php?rest_route=\/wp\/v2\/posts\/1315","targetHints":{"allow":["GET"]}}],"collection":[{"href":"https:\/\/www.toque-musicall.com\/index.php?rest_route=\/wp\/v2\/posts"}],"about":[{"href":"https:\/\/www.toque-musicall.com\/index.php?rest_route=\/wp\/v2\/types\/post"}],"author":[{"embeddable":true,"href":"https:\/\/www.toque-musicall.com\/index.php?rest_route=\/wp\/v2\/users\/1"}],"replies":[{"embeddable":true,"href":"https:\/\/www.toque-musicall.com\/index.php?rest_route=%2Fwp%2Fv2%2Fcomments&post=1315"}],"version-history":[{"count":0,"href":"https:\/\/www.toque-musicall.com\/index.php?rest_route=\/wp\/v2\/posts\/1315\/revisions"}],"wp:attachment":[{"href":"https:\/\/www.toque-musicall.com\/index.php?rest_route=%2Fwp%2Fv2%2Fmedia&parent=1315"}],"wp:term":[{"taxonomy":"category","embeddable":true,"href":"https:\/\/www.toque-musicall.com\/index.php?rest_route=%2Fwp%2Fv2%2Fcategories&post=1315"},{"taxonomy":"post_tag","embeddable":true,"href":"https:\/\/www.toque-musicall.com\/index.php?rest_route=%2Fwp%2Fv2%2Ftags&post=1315"}],"curies":[{"name":"wp","href":"https:\/\/api.w.org\/{rel}","templated":true}]}}