{"id":1318,"date":"2009-01-22T21:34:00","date_gmt":"2009-01-22T21:34:00","guid":{"rendered":"http:\/\/www.toque-musicall.com\/?p=1318"},"modified":"2009-01-22T21:34:00","modified_gmt":"2009-01-22T21:34:00","slug":"juca-de-oliveira-recita-drummond-e-vinicius-1973","status":"publish","type":"post","link":"https:\/\/www.toque-musicall.com\/?p=1318","title":{"rendered":"Juca de Oliveira &#8211; Recita Drummond E Vinicius (1973)"},"content":{"rendered":"<div align=\"left\"><a href=\"http:\/\/4.bp.blogspot.com\/_DSKVEvHtskc\/SXjmlPKxp8I\/AAAAAAAADPA\/z7H3jR7Fxoc\/s1600-h\/capa.JPG\"><img decoding=\"async\" id=\"BLOGGER_PHOTO_ID_5294234889375295426\" style=\"DISPLAY: block; MARGIN: 0px auto 10px; WIDTH: 392px; CURSOR: hand; HEIGHT: 400px; TEXT-ALIGN: center\" alt=\"\" src=\"http:\/\/4.bp.blogspot.com\/_DSKVEvHtskc\/SXjmlPKxp8I\/AAAAAAAADPA\/z7H3jR7Fxoc\/s400\/capa.JPG\" border=\"0\" \/><\/a> Para complementar mais o dia e n\u00e3o ficarmos com aquela sensa\u00e7\u00e3o de &#8220;quero mais&#8221;, estou inclu\u00edndo mais uma postagem. Desta vez temos um compacto com o ator Juca de Oliveira recitando poemas de Vinicius de Moraes e Carlos Drummond de Andrade. O fundo musical \u00e9 feito pelo violonista Toquinho. Este disquinho foi oferecido como brinde pela revista Mais. Algu\u00e9m aqui se lembra? Temos aqui o seguinte&#8230;<\/div>\n<p><\/p>\n<div align=\"center\">res\u00edduo (fragmento) &#8211; drummond<\/div>\n<div align=\"center\">elegia na morte de clodoaldo pereira da silva (fragmento) &#8211; vinicius<\/div>\n<div align=\"center\">cidadezinha qualquer- drummond<\/div>\n<div align=\"center\">poema das sete faces &#8211; drummond<\/div>\n<div align=\"center\">ternura &#8211; vinicius<\/div>\n<div align=\"center\">res\u00edduo &#8211; drummond<\/div>\n<div align=\"center\">conjuga\u00e7\u00e3o da ausente &#8211; vinicius<\/div>\n<div align=\"center\">anedota b\u00falgara &#8211; drummond<\/div>\n<div align=\"center\">elegi desesperada &#8211; vinicius<\/div>\n<div align=\"center\">quarto em desordem &#8211; drummond<\/div>\n<div align=\"center\">res\u00edduo (fragmento) &#8211; drummond<\/div>\n<div align=\"center\"><\/div>\n<div align=\"center\"><\/div>\n<div align=\"center\"> <\/div>\n<div align=\"center\"> <\/div>\n","protected":false},"excerpt":{"rendered":"<p>Para complementar mais o dia e n\u00e3o ficarmos com aquela sensa\u00e7\u00e3o de &#8220;quero mais&#8221;, estou inclu\u00edndo mais uma postagem. Desta vez temos um compacto com o ator Juca de Oliveira recitando poemas de Vinicius de Moraes e Carlos Drummond de &hellip; <a href=\"https:\/\/www.toque-musicall.com\/?p=1318\">Continue lendo <span class=\"meta-nav\">&rarr;<\/span><\/a><\/p>\n","protected":false},"author":1,"featured_media":0,"comment_status":"open","ping_status":"closed","sticky":false,"template":"","format":"standard","meta":{"footnotes":""},"categories":[1080,1528,318,1120],"tags":[],"class_list":["post-1318","post","type-post","status-publish","format-standard","hentry","category-carlos-drummond-de-andrade","category-juca-de-oliveira","category-poesia","category-toquinho"],"_links":{"self":[{"href":"https:\/\/www.toque-musicall.com\/index.php?rest_route=\/wp\/v2\/posts\/1318","targetHints":{"allow":["GET"]}}],"collection":[{"href":"https:\/\/www.toque-musicall.com\/index.php?rest_route=\/wp\/v2\/posts"}],"about":[{"href":"https:\/\/www.toque-musicall.com\/index.php?rest_route=\/wp\/v2\/types\/post"}],"author":[{"embeddable":true,"href":"https:\/\/www.toque-musicall.com\/index.php?rest_route=\/wp\/v2\/users\/1"}],"replies":[{"embeddable":true,"href":"https:\/\/www.toque-musicall.com\/index.php?rest_route=%2Fwp%2Fv2%2Fcomments&post=1318"}],"version-history":[{"count":0,"href":"https:\/\/www.toque-musicall.com\/index.php?rest_route=\/wp\/v2\/posts\/1318\/revisions"}],"wp:attachment":[{"href":"https:\/\/www.toque-musicall.com\/index.php?rest_route=%2Fwp%2Fv2%2Fmedia&parent=1318"}],"wp:term":[{"taxonomy":"category","embeddable":true,"href":"https:\/\/www.toque-musicall.com\/index.php?rest_route=%2Fwp%2Fv2%2Fcategories&post=1318"},{"taxonomy":"post_tag","embeddable":true,"href":"https:\/\/www.toque-musicall.com\/index.php?rest_route=%2Fwp%2Fv2%2Ftags&post=1318"}],"curies":[{"name":"wp","href":"https:\/\/api.w.org\/{rel}","templated":true}]}}