{"id":1321,"date":"2009-01-20T17:42:00","date_gmt":"2009-01-20T17:42:00","guid":{"rendered":"http:\/\/www.toque-musicall.com\/?p=1321"},"modified":"2009-01-20T17:42:00","modified_gmt":"2009-01-20T17:42:00","slug":"alceu-valenca-geraldo-azevedo-e-marcus-vinicius-nova-historia-da-mpb-1978-4","status":"publish","type":"post","link":"https:\/\/www.toque-musicall.com\/?p=1321","title":{"rendered":"Alceu Valen\u00e7a Geraldo Azevedo E Marcus Vinicius &#8211; Nova Hist\u00f3ria Da MPB (1978) 4"},"content":{"rendered":"<div align=\"left\"><a href=\"http:\/\/1.bp.blogspot.com\/_DSKVEvHtskc\/SXYNjEDY_gI\/AAAAAAAADOg\/OU6rbH230-I\/s1600-h\/alceu,+geraldo+e+marcus+-+P.JPG\"><img decoding=\"async\" id=\"BLOGGER_PHOTO_ID_5293433308055141890\" style=\"DISPLAY: block; MARGIN: 0px auto 10px; WIDTH: 372px; CURSOR: hand; HEIGHT: 400px; TEXT-ALIGN: center\" alt=\"\" src=\"http:\/\/1.bp.blogspot.com\/_DSKVEvHtskc\/SXYNjEDY_gI\/AAAAAAAADOg\/OU6rbH230-I\/s400\/alceu,+geraldo+e+marcus+-+P.JPG\" border=\"0\" \/><\/a> Ol\u00e1 amigos! Pensaram que eu havia me esquecido da nossa postagem especial? Nada disso, apenas alguns atrasos e adapta\u00e7\u00f5es. Estou em transito, quer dizer, viajando, fora do QG. Mas, prevenido, deixei as coisas engatilhadas. A semana vai ser divertida.<\/div>\n<div align=\"left\">O volume da vez agora \u00e9 este, como Alceu Valen\u00e7a, Geraldo Azevedo e Marcus Vinicius. Me lembro que este exemplar foi o primeiro que eu comprei ap\u00f3s assistir a um show de Alceu, na \u00e9poca do lan\u00e7amento de seu \u00e1lbum &#8220;Espelho Cristalino&#8221;. Ainda n\u00e3o conhecia bem o Geraldo Azevedo e muito menos no Marcus Vinicius. Uma coisa acaba levando a outra. N\u00e3o demorou muito e eu logo comprei os \u00e1lbuns &#8220;Quadrif\u00f4nico&#8221; de Alceu e Geraldo e &#8220;Trem dos Condenados&#8221; de Marcus Vinicius. Comecei tamb\u00e9m a colecionar os fasc\u00edculos desta cole\u00e7\u00e3o.<\/div>\n<div align=\"left\">Neste \u00e1lbum temos ent\u00e3o tr\u00eas artistas que al\u00e9m de serem filhos do nordeste, inciaram seus trabalhos em coopera\u00e7\u00e3o, principalmente Alceu Valen\u00e7a e Geraldo Azevedo.<\/div>\n<p><\/p>\n<div align=\"center\">vou danado para catende &#8211; alceu valen\u00e7a<\/div>\n<div align=\"center\">agalopado &#8211; alceu valen\u00e7a<\/div>\n<div align=\"center\">punhal de prata &#8211; alceu valen\u00e7a<\/div>\n<div align=\"center\">esse choro um &#8211; marcus vinicius<\/div>\n<div align=\"center\">em copacabana &#8211; geraldo azevedo<\/div>\n<div align=\"center\">novena &#8211; geraldo azevedo e alceu valen\u00e7a<\/div>\n<div align=\"center\">caravana &#8211; geraldo azevedo<\/div>\n<div align=\"center\">trem dos condenados &#8211; marcus vinicius<\/div>\n<div align=\"center\"><\/div>\n<div align=\"center\"> <\/div>\n<div align=\"center\"> <\/div>\n","protected":false},"excerpt":{"rendered":"<p>Ol\u00e1 amigos! Pensaram que eu havia me esquecido da nossa postagem especial? Nada disso, apenas alguns atrasos e adapta\u00e7\u00f5es. Estou em transito, quer dizer, viajando, fora do QG. Mas, prevenido, deixei as coisas engatilhadas. A semana vai ser divertida. O &hellip; <a href=\"https:\/\/www.toque-musicall.com\/?p=1321\">Continue lendo <span class=\"meta-nav\">&rarr;<\/span><\/a><\/p>\n","protected":false},"author":1,"featured_media":0,"comment_status":"open","ping_status":"closed","sticky":false,"template":"","format":"standard","meta":{"footnotes":""},"categories":[1458,1330,1531,1429],"tags":[],"class_list":["post-1321","post","type-post","status-publish","format-standard","hentry","category-alceu-valenca","category-colecoes","category-geraldo-azevedo","category-marcus-vinicius"],"_links":{"self":[{"href":"https:\/\/www.toque-musicall.com\/index.php?rest_route=\/wp\/v2\/posts\/1321","targetHints":{"allow":["GET"]}}],"collection":[{"href":"https:\/\/www.toque-musicall.com\/index.php?rest_route=\/wp\/v2\/posts"}],"about":[{"href":"https:\/\/www.toque-musicall.com\/index.php?rest_route=\/wp\/v2\/types\/post"}],"author":[{"embeddable":true,"href":"https:\/\/www.toque-musicall.com\/index.php?rest_route=\/wp\/v2\/users\/1"}],"replies":[{"embeddable":true,"href":"https:\/\/www.toque-musicall.com\/index.php?rest_route=%2Fwp%2Fv2%2Fcomments&post=1321"}],"version-history":[{"count":0,"href":"https:\/\/www.toque-musicall.com\/index.php?rest_route=\/wp\/v2\/posts\/1321\/revisions"}],"wp:attachment":[{"href":"https:\/\/www.toque-musicall.com\/index.php?rest_route=%2Fwp%2Fv2%2Fmedia&parent=1321"}],"wp:term":[{"taxonomy":"category","embeddable":true,"href":"https:\/\/www.toque-musicall.com\/index.php?rest_route=%2Fwp%2Fv2%2Fcategories&post=1321"},{"taxonomy":"post_tag","embeddable":true,"href":"https:\/\/www.toque-musicall.com\/index.php?rest_route=%2Fwp%2Fv2%2Ftags&post=1321"}],"curies":[{"name":"wp","href":"https:\/\/api.w.org\/{rel}","templated":true}]}}