{"id":1322,"date":"2009-01-19T10:43:00","date_gmt":"2009-01-19T10:43:00","guid":{"rendered":"http:\/\/www.toque-musicall.com\/?p=1322"},"modified":"2009-01-19T10:43:00","modified_gmt":"2009-01-19T10:43:00","slug":"rede-globo-de-televisao-cortesia-de-fim-de-ano-1971","status":"publish","type":"post","link":"https:\/\/www.toque-musicall.com\/?p=1322","title":{"rendered":"Rede Globo De Televis\u00e3o &#8211; Cortesia De Fim De Ano (1971)"},"content":{"rendered":"<div align=\"left\"><a href=\"http:\/\/1.bp.blogspot.com\/_DSKVEvHtskc\/SXRafYVBnZI\/AAAAAAAADOY\/yTH1z65bTe4\/s1600-h\/Rede+Globo+P.JPG\"><img decoding=\"async\" id=\"BLOGGER_PHOTO_ID_5292954957220257170\" style=\"DISPLAY: block; MARGIN: 0px auto 10px; WIDTH: 400px; CURSOR: hand; HEIGHT: 396px; TEXT-ALIGN: center\" alt=\"\" src=\"http:\/\/1.bp.blogspot.com\/_DSKVEvHtskc\/SXRafYVBnZI\/AAAAAAAADOY\/yTH1z65bTe4\/s400\/Rede+Globo+P.JPG\" border=\"0\" \/><\/a>J\u00e1 que estamos na semana das curiosidades, aproveito inicialmente para informar que criei a pouco tempo atr\u00e1s uma comunidade no <a href=\"http:\/\/www.orkut.com.br\/Main#Profile.aspx?rl=fpp&#038;uid=2658304834311772699\">Orkut<\/a>. Temos por l\u00e1 tamb\u00e9m uma bandeira do <a href=\"http:\/\/www.orkut.com.br\/Main#Profile.aspx?rl=fpp&#038;uid=2658304834311772699\">Toque Musical<\/a>. Como n\u00e3o sou muito ligado nessas coisas, acabei por n\u00e3o comunicar \u00e0 voc\u00eas. Mas recentemente resolvi investir um pouco nele, ou melhor, no p\u00fablico que o acessa, divulgando um pouco mais o blog. Fiquei admirado com a resposta imediata. Em pouco mais de um m\u00eas eu j\u00e1 estou cheio de amiguinhos e pelo jeito, vamos s\u00f3 aumentando a comunidade. Confesso a voc\u00eas que sou um completo ignorante em rela\u00e7\u00e3o ao Orkut. Na verdade eu n\u00e3o tenho \u00e9 muita paci\u00eancia com esse tipo de relacionamento. Mas devo admitir sua efici\u00eancia como ferramenta de divulga\u00e7\u00e3o. Por l\u00e1 tenho publicado as capinhas dos discos que j\u00e1 foram postados juntamente com um link para o blog. Eis a\u00ed mais um recurso que eu n\u00e3o estava utilizando.<\/div>\n<div align=\"left\">Bom, aqui temos um \u00e1lbum promocional distribu\u00eddo de brinde pela Rede Globo de Televis\u00e3o. Este disco foi oferecido como cortesia de fim de ano. Uma maneira da Globo anunciar as novas mudan\u00e7as que viriam a partir do ano de 1971. A rede de televis\u00e3o estava em fase de melhorias, como a chegada da transmiss\u00e3o a cores. Programas como o Som Livre Exporta\u00e7\u00e3o, Fa\u00e7a Humor N\u00e3o Fa\u00e7a Guerra, Discoteca do Chacrinha, Balan\u00e7a Mas N\u00e3o Ca\u00ed, al\u00e9m das novelas Irm\u00e3os Coragem, Pigmali\u00e3o 70 e Ver\u00e3o Vermelho s\u00e3o alguns dos temas de abertura apresentados neste lp. <\/div>\n<p><\/p>\n<div align=\"center\">al\u00f4 brasil, aquele abra\u00e7o<\/div>\n<div align=\"center\">hora da buzina<\/div>\n<div align=\"center\">discoteca do chacrinha<\/div>\n<div align=\"center\">balan\u00e7a mas n\u00e3o cai<\/div>\n<div align=\"center\">fa\u00e7a humor n\u00e3o fa\u00e7a guerra<\/div>\n<div align=\"center\">som livre exporta\u00e7\u00e3o<\/div>\n<div align=\"center\">teletema &#8211; regininha<\/div>\n<div align=\"center\">menina &#8211; cl\u00e1udio cavalcanti<\/div>\n<div align=\"center\">gente humilde &#8211; m\u00e1rcia<\/div>\n<div align=\"center\">pigmale\u00e3o 70 &#8211; umas e outras<\/div>\n<div align=\"center\">ver\u00e3o vermelho &#8211; elis regina<\/div>\n<div align=\"center\">irm\u00e3os coragem &#8211; jair rodrigues<\/div>\n<div align=\"center\">quarent\u00e3o simp\u00e1tico &#8211; umas e outras<\/div>\n<div align=\"center\">hora da buzinha<\/div>\n<div align=\"center\"><\/div>\n<div align=\"center\"><\/div>\n<div align=\"center\"> <\/div>\n<div align=\"center\"> <\/div>\n","protected":false},"excerpt":{"rendered":"<p>J\u00e1 que estamos na semana das curiosidades, aproveito inicialmente para informar que criei a pouco tempo atr\u00e1s uma comunidade no Orkut. Temos por l\u00e1 tamb\u00e9m uma bandeira do Toque Musical. Como n\u00e3o sou muito ligado nessas coisas, acabei por n\u00e3o &hellip; <a href=\"https:\/\/www.toque-musicall.com\/?p=1322\">Continue lendo <span class=\"meta-nav\">&rarr;<\/span><\/a><\/p>\n","protected":false},"author":1,"featured_media":0,"comment_status":"open","ping_status":"closed","sticky":false,"template":"","format":"standard","meta":{"footnotes":""},"categories":[1519,1535,52,658,43,491,1532,1533,1534],"tags":[],"class_list":["post-1322","post","type-post","status-publish","format-standard","hentry","category-chacrinha","category-claudio-cavalvanti","category-elis-regina","category-extras","category-jair-rodrigues","category-marcia","category-rede-globo-de-televisao","category-som-livre-exportacao","category-umas-e-outras"],"_links":{"self":[{"href":"https:\/\/www.toque-musicall.com\/index.php?rest_route=\/wp\/v2\/posts\/1322","targetHints":{"allow":["GET"]}}],"collection":[{"href":"https:\/\/www.toque-musicall.com\/index.php?rest_route=\/wp\/v2\/posts"}],"about":[{"href":"https:\/\/www.toque-musicall.com\/index.php?rest_route=\/wp\/v2\/types\/post"}],"author":[{"embeddable":true,"href":"https:\/\/www.toque-musicall.com\/index.php?rest_route=\/wp\/v2\/users\/1"}],"replies":[{"embeddable":true,"href":"https:\/\/www.toque-musicall.com\/index.php?rest_route=%2Fwp%2Fv2%2Fcomments&post=1322"}],"version-history":[{"count":0,"href":"https:\/\/www.toque-musicall.com\/index.php?rest_route=\/wp\/v2\/posts\/1322\/revisions"}],"wp:attachment":[{"href":"https:\/\/www.toque-musicall.com\/index.php?rest_route=%2Fwp%2Fv2%2Fmedia&parent=1322"}],"wp:term":[{"taxonomy":"category","embeddable":true,"href":"https:\/\/www.toque-musicall.com\/index.php?rest_route=%2Fwp%2Fv2%2Fcategories&post=1322"},{"taxonomy":"post_tag","embeddable":true,"href":"https:\/\/www.toque-musicall.com\/index.php?rest_route=%2Fwp%2Fv2%2Ftags&post=1322"}],"curies":[{"name":"wp","href":"https:\/\/api.w.org\/{rel}","templated":true}]}}