{"id":1323,"date":"2009-01-18T10:57:00","date_gmt":"2009-01-18T10:57:00","guid":{"rendered":"http:\/\/www.toque-musicall.com\/?p=1323"},"modified":"2009-01-18T10:57:00","modified_gmt":"2009-01-18T10:57:00","slug":"documentos-sonoros-colecao-nosso-seculo-1980","status":"publish","type":"post","link":"https:\/\/www.toque-musicall.com\/?p=1323","title":{"rendered":"Documentos Sonoros &#8211; Cole\u00e7\u00e3o Nosso S\u00e9culo (1980)"},"content":{"rendered":"<div align=\"left\"><a href=\"http:\/\/3.bp.blogspot.com\/_DSKVEvHtskc\/SXNrqbK8O5I\/AAAAAAAADOQ\/55IdPC0Jvbc\/s1600-h\/DS+-+NS+F.JPG\"><img decoding=\"async\" id=\"BLOGGER_PHOTO_ID_5292692363682790290\" style=\"DISPLAY: block; MARGIN: 0px auto 10px; WIDTH: 400px; CURSOR: hand; HEIGHT: 400px; TEXT-ALIGN: center\" alt=\"\" src=\"http:\/\/3.bp.blogspot.com\/_DSKVEvHtskc\/SXNrqbK8O5I\/AAAAAAAADOQ\/55IdPC0Jvbc\/s400\/DS+-+NS+F.JPG\" border=\"0\" \/><\/a>Hoje, domingo, eu inicio a semana das curiosidades e raridades fonogr\u00e1ficas. Vamos postando aqui alguns discos curiosos, interessantes e que certamente nunca mais ser\u00e3o vistos ou ouvidos. Uma mostra de discos que reflete bem o lema do Toque Musical: &#8220;um lugar para quem escuta m\u00fasica com outros olhos.&#8221; Na verdade, n\u00e3o apenas m\u00fasica, mas tudo que possa ter sido gravado.<br \/>Come\u00e7o com este, &#8220;Documentos Sonoros&#8221;. Um disco-bonus, parte integrante de uma cole\u00e7\u00e3o da Abril Cultural chamada &#8220;Nosso S\u00e9culo&#8221;. Nunca consegui completar essa publica\u00e7\u00e3o e nem montar o livro. Na verdade, acho que eu a segui at\u00e9 o ponto em que a gente ganhava o disco. Depois de um determinado n\u00famero de exemplares da cole\u00e7\u00e3o voc\u00ea ganhava o disco, Ou algo assim&#8230;O fato \u00e9 que o lp procura reunir alguns dos momentos mais importantes da nossa hist\u00f3ria, vistos (ou ouvidos?) atrav\u00e9s de grava\u00e7\u00f5es, aqui denominadas como &#8216;documentos sonoros&#8217;. A apresenta\u00e7\u00e3o e narra\u00e7\u00e3o s\u00e3o de S\u00e9gio Viotti e abrange o in\u00edcio do s\u00e9culo vinte at\u00e9 os anos de 1979\/80, data da realiza\u00e7\u00e3o do \u00e1lbum. \u00c9 sem d\u00favida um trabalho precioso por nos montar um r\u00e1pido e eficiente panorama da hist\u00f3ria brasileira atrav\u00e9s da pr\u00f3pria hist\u00f3ria das grava\u00e7\u00f5ess no pa\u00eds.<br \/>Confiram este disco porque vale a pena \ud83d\ude09<\/p>\n<p><\/div>\n","protected":false},"excerpt":{"rendered":"<p>Hoje, domingo, eu inicio a semana das curiosidades e raridades fonogr\u00e1ficas. Vamos postando aqui alguns discos curiosos, interessantes e que certamente nunca mais ser\u00e3o vistos ou ouvidos. Uma mostra de discos que reflete bem o lema do Toque Musical: &#8220;um &hellip; <a href=\"https:\/\/www.toque-musicall.com\/?p=1323\">Continue lendo <span class=\"meta-nav\">&rarr;<\/span><\/a><\/p>\n","protected":false},"author":1,"featured_media":0,"comment_status":"open","ping_status":"closed","sticky":false,"template":"","format":"standard","meta":{"footnotes":""},"categories":[1536,658],"tags":[],"class_list":["post-1323","post","type-post","status-publish","format-standard","hentry","category-documentos-sonoros-colecao-nosso-seculo","category-extras"],"_links":{"self":[{"href":"https:\/\/www.toque-musicall.com\/index.php?rest_route=\/wp\/v2\/posts\/1323","targetHints":{"allow":["GET"]}}],"collection":[{"href":"https:\/\/www.toque-musicall.com\/index.php?rest_route=\/wp\/v2\/posts"}],"about":[{"href":"https:\/\/www.toque-musicall.com\/index.php?rest_route=\/wp\/v2\/types\/post"}],"author":[{"embeddable":true,"href":"https:\/\/www.toque-musicall.com\/index.php?rest_route=\/wp\/v2\/users\/1"}],"replies":[{"embeddable":true,"href":"https:\/\/www.toque-musicall.com\/index.php?rest_route=%2Fwp%2Fv2%2Fcomments&post=1323"}],"version-history":[{"count":0,"href":"https:\/\/www.toque-musicall.com\/index.php?rest_route=\/wp\/v2\/posts\/1323\/revisions"}],"wp:attachment":[{"href":"https:\/\/www.toque-musicall.com\/index.php?rest_route=%2Fwp%2Fv2%2Fmedia&parent=1323"}],"wp:term":[{"taxonomy":"category","embeddable":true,"href":"https:\/\/www.toque-musicall.com\/index.php?rest_route=%2Fwp%2Fv2%2Fcategories&post=1323"},{"taxonomy":"post_tag","embeddable":true,"href":"https:\/\/www.toque-musicall.com\/index.php?rest_route=%2Fwp%2Fv2%2Ftags&post=1323"}],"curies":[{"name":"wp","href":"https:\/\/api.w.org\/{rel}","templated":true}]}}