{"id":1324,"date":"2009-01-17T13:41:00","date_gmt":"2009-01-17T13:41:00","guid":{"rendered":"http:\/\/www.toque-musicall.com\/?p=1324"},"modified":"2009-01-17T13:41:00","modified_gmt":"2009-01-17T13:41:00","slug":"ely-camargo-outras-cancoes-da-minha-terra-1967","status":"publish","type":"post","link":"https:\/\/www.toque-musicall.com\/?p=1324","title":{"rendered":"Ely Camargo &#8211; Outras Can\u00e7\u00f5es Da Minha Terra (1967)"},"content":{"rendered":"<div align=\"left\"><a href=\"http:\/\/4.bp.blogspot.com\/_DSKVEvHtskc\/SXHgjCxArLI\/AAAAAAAADOI\/wcqyPyJplws\/s1600-h\/Ely+Camargo+P.JPG\"><img decoding=\"async\" id=\"BLOGGER_PHOTO_ID_5292257929779522738\" style=\"DISPLAY: block; MARGIN: 0px auto 10px; WIDTH: 400px; CURSOR: hand; HEIGHT: 400px; TEXT-ALIGN: center\" alt=\"\" src=\"http:\/\/4.bp.blogspot.com\/_DSKVEvHtskc\/SXHgjCxArLI\/AAAAAAAADOI\/wcqyPyJplws\/s400\/Ely+Camargo+P.JPG\" border=\"0\" \/><\/a>Ainda ecoando por aqui a voz feminina, hoje tenho o prazer de trazer mais um disco desta genial cantora Ely Camargo. Na verdade, o certo seria dizer, uma genial cantora e seus excelentes \u00e1lbuns. Espantosamente para mim, vejo pelo \u00edndice da audi\u00eancia no Toque Musical que os discos da Ely n\u00e3o despertam tanto interesse como eu imaginava. O que \u00e9 uma pena, pois essa grande maioria de desinteressados n\u00e3o sabe o que est\u00e1 perdendo. Talvez, por aqui, eu n\u00e3o tenha dado a devida \u00eanfase a esta grande e pouco lembrada artista goiana. Quando falamos de m\u00fasica regional, tradicional, m\u00fasica da terra ou folcl\u00f3rica, muita gente pensa que se trata de m\u00fasica caipira ou sertaneja. Outros ainda chegam a pensar nas deturpadas deriva\u00e7\u00f5es do neo-sertanejo com a babaquice country, que somados geram essas duplas de boc\u00f3s que a gente v\u00ea surgir todos os dias.<br \/>Mas figuras como Ely Camargo est\u00e3o acima, bem acima desse patamar. Embora esteja inserida no universo musical de nossas ra\u00edzes, do tradicional ou popular, paradoxalmente podemos dizer que Ely Camargo \u00e9 uma erudita. Sua rela\u00e7\u00e3o com o tradicional \u00e9 profunda e a acompanha desde a inf\u00e2ncia. Herdou do pai, o compositor Joaquim Edison Camargo toda a sua riqueza musical e foi al\u00e9m. Pesquisadora respeitada, n\u00e3o apenas no pa\u00eds, j\u00e1 representou o Brasil em diversos momentos levando aos estrangeiros a nossa cultura, mostrando ao mundo que a m\u00fasica brasileira n\u00e3o se resume apenas em samba e bossa nova. Neste instante me vem a cabe\u00e7a um pensamento&#8230;, o quanto temos deixado de lado e esquecidas as nossas verdadeiras tradi\u00e7\u00f5es. Temos trocado nosso ouro bruto por bijuterias. As novas gera\u00e7\u00f5es s\u00f3 conseguem ver maracatu, toadas, maxixe, c\u00f4co, samba e tantos outros ritmos maravilhosos que temos, se estiverem temperados ou decorados com raps, funks, reggaes e punks. \u00c9 como botar gelo uma boa pinga de Salinas. Por essas e por outras \u00e9 que eu insisto em apresentar aqui mais algumas vezes esta ilustre figura. No que depender de mim, ainda teremos outros discos dela por vir.<br \/>A Chantecler foi um selo criado no inicio dos anos 60, especialmente para lan\u00e7ar artistas, descobrir novos valores e revela-los ao Brasil. Durante sua exist\u00eancia ele cumpriu bem o papel, figurando entre seus lan\u00e7amentos os primeiros e mais famosos discos de Ely Camargo.<br \/>Para hoje, vamos como o bel\u00edssimo \u201cOutras Can\u00e7\u00f5es de Minha Terra\u201d, tamb\u00e9m compreendido como sendo o quinto volume da s\u00e9rie \u201cCan\u00e7\u00f5es de Minha Terra\u201d. Neste \u00e1lbum ela continua resgatando temas tradicionais. \u00c9 bom lembrar que \u201cas can\u00e7\u00f5es de minha terra\u201d n\u00e3o se referem apenas \u00e0 m\u00fasica de Goi\u00e1s, mas de todo o Brasil. Temos acompanhando Ely o grupo vocal Os Titulares do Ritmo e a viola de Z\u00e9 do Rancho. Os arranjos s\u00e3o dos maestros Zico Mazarg\u00e3o e Jorge Kazs\u00e1s. Mais um disco nota 10! Confiram o toque&#8230;<\/p>\n<div align=\"center\">mam\u00e3e iemanj\u00e1<\/div>\n<div align=\"center\">canto chorado<\/div>\n<div align=\"center\">xod\u00f3<\/div>\n<div align=\"center\">mul\u00e9 rendeira<\/div>\n<div align=\"center\">sodade, meu bem, sodade<\/div>\n<div align=\"center\">bi\u00e1-t\u00e1-t\u00e1<\/div>\n<div align=\"center\">morena, morena<\/div>\n<div align=\"center\">meu barco \u00e9 veleiro<\/div>\n<div align=\"center\">boneca de pano<\/div>\n<div align=\"center\">rancheira de carrerinha<\/div>\n<div align=\"center\">eterna saudade<\/div>\n<div align=\"center\">jornada de iapinha<\/div>\n<div align=\"center\">meu lim\u00e3o, meu limoeiro<\/div>\n<div align=\"center\">prenda minha<\/div>\n<div align=\"center\">distante da p\u00e1tria<\/div>\n<div align=\"center\">dan\u00e7a de caboclo<\/div>\n<div align=\"center\">preto do corcovado<\/div>\n<div align=\"center\"><\/div>\n<div align=\"center\"><\/div>\n<div align=\"center\"><\/div>\n<div align=\"center\"><\/div>\n<\/div>\n","protected":false},"excerpt":{"rendered":"<p>Ainda ecoando por aqui a voz feminina, hoje tenho o prazer de trazer mais um disco desta genial cantora Ely Camargo. Na verdade, o certo seria dizer, uma genial cantora e seus excelentes \u00e1lbuns. Espantosamente para mim, vejo pelo \u00edndice &hellip; <a href=\"https:\/\/www.toque-musicall.com\/?p=1324\">Continue lendo <span class=\"meta-nav\">&rarr;<\/span><\/a><\/p>\n","protected":false},"author":1,"featured_media":0,"comment_status":"open","ping_status":"closed","sticky":false,"template":"","format":"standard","meta":{"footnotes":""},"categories":[787],"tags":[],"class_list":["post-1324","post","type-post","status-publish","format-standard","hentry","category-ely-camargo"],"_links":{"self":[{"href":"https:\/\/www.toque-musicall.com\/index.php?rest_route=\/wp\/v2\/posts\/1324","targetHints":{"allow":["GET"]}}],"collection":[{"href":"https:\/\/www.toque-musicall.com\/index.php?rest_route=\/wp\/v2\/posts"}],"about":[{"href":"https:\/\/www.toque-musicall.com\/index.php?rest_route=\/wp\/v2\/types\/post"}],"author":[{"embeddable":true,"href":"https:\/\/www.toque-musicall.com\/index.php?rest_route=\/wp\/v2\/users\/1"}],"replies":[{"embeddable":true,"href":"https:\/\/www.toque-musicall.com\/index.php?rest_route=%2Fwp%2Fv2%2Fcomments&post=1324"}],"version-history":[{"count":0,"href":"https:\/\/www.toque-musicall.com\/index.php?rest_route=\/wp\/v2\/posts\/1324\/revisions"}],"wp:attachment":[{"href":"https:\/\/www.toque-musicall.com\/index.php?rest_route=%2Fwp%2Fv2%2Fmedia&parent=1324"}],"wp:term":[{"taxonomy":"category","embeddable":true,"href":"https:\/\/www.toque-musicall.com\/index.php?rest_route=%2Fwp%2Fv2%2Fcategories&post=1324"},{"taxonomy":"post_tag","embeddable":true,"href":"https:\/\/www.toque-musicall.com\/index.php?rest_route=%2Fwp%2Fv2%2Ftags&post=1324"}],"curies":[{"name":"wp","href":"https:\/\/api.w.org\/{rel}","templated":true}]}}