{"id":1327,"date":"2009-01-15T11:53:00","date_gmt":"2009-01-15T11:53:00","guid":{"rendered":"http:\/\/www.toque-musicall.com\/?p=1327"},"modified":"2009-01-15T11:53:00","modified_gmt":"2009-01-15T11:53:00","slug":"beth-carvalho-na-fonte-1981","status":"publish","type":"post","link":"https:\/\/www.toque-musicall.com\/?p=1327","title":{"rendered":"Beth Carvalho &#8211; Na Fonte (1981)"},"content":{"rendered":"<p><a href=\"http:\/\/1.bp.blogspot.com\/_DSKVEvHtskc\/SW8kVTtO8iI\/AAAAAAAADNA\/DoMffDuVK8A\/s1600-h\/Beth+-+na+fonte+F2.JPG\"><img decoding=\"async\" id=\"BLOGGER_PHOTO_ID_5291488035669471778\" style=\"DISPLAY: block; MARGIN: 0px auto 10px; WIDTH: 399px; CURSOR: hand; HEIGHT: 400px; TEXT-ALIGN: center\" alt=\"\" src=\"http:\/\/1.bp.blogspot.com\/_DSKVEvHtskc\/SW8kVTtO8iI\/AAAAAAAADNA\/DoMffDuVK8A\/s400\/Beth+-+na+fonte+F2.JPG\" border=\"0\" \/><\/a> Putz! Ontem eu levei um susto com a parada para manuten\u00e7\u00e3o do Mediafire. Achei que os arquivos haviam todos sido deletados. J\u00e1 vi coisa parecida acontecer e nos dias atuais de ca\u00e7a \u00e0s bruxas, n\u00e3o seria de estranhar. Preocupado com esta situa\u00e7\u00e3o, eu volto novamente a pensar na possibilidade de levar o Toque Musical para o privado. Naturalmente ao faz\u00ea-lo eu irei (com uma boa anteced\u00eancia) avisar a todos os frequentadores. S\u00f3 faria sentido criar um clube fechado se nele eu mantivesse o mesmo n\u00famero de p\u00fablico. Sei que pelo menos 1\/3 dos visitantes ainda preferem se manter ocultos, seja por comodismo ou por algum tipo de temor aos patrulheiro$ da nova ordem digital. \u00c9 pensando tamb\u00e9m nesse incomodo, no terrorismo eminente, que me vem a id\u00e9ia de criar um espa\u00e7o reservado, sem temor ou anonimato. Uma comunidade onde todos se conhe\u00e7am, onde n\u00e3o haja &#8220;Gerson&#8221; querendo levar vantagem.<br \/>Volto mais uma vez a lembr\u00e1-los que neste blog n\u00e3o h\u00e1 interesses al\u00e9m de uma boa amizade, do interc\u00e2mbio cultural e das afinidades musicais. Eu n\u00e3o ganho um centavo (e nem quero) para fazer o Toque Musical. Se h\u00e1 algu\u00e9m ganhando com isso, podem acreditar, s\u00e3o somente os donos da rede que nos garante gratuitamente esses espa\u00e7os e um bando de advogados gananciosos que vem fazendo os $eus na sangria. Aqui eu n\u00e3o pe\u00e7o nenhuma contribui\u00e7\u00e3o, direta ou indireta. Se os criadores do produto n\u00e3o est\u00e3o ganhando, n\u00e3o \u00e9 justo que eu ganhe tamb\u00e9m. Sei que muitos h\u00e3o de discordar das minhas id\u00e9ias, tanto de um lado como do outro. Mas seria de bom tom para todos os blogueiros de m\u00fasica, reconsiderarem suas pol\u00edticas, evitando doa\u00e7\u00f5es financeiras, propagandas e principalmente a postagem de discos recentes. Um blog de m\u00fasica deve ter como meta principal, promover essa cultura fonogr\u00e1fica, preservar seus valores espec\u00edficos, resgatar a mem\u00f3ria e a hist\u00f3ria musical. E acima de tudo, ser feito com paix\u00e3o. Por favor, n\u00e3o me interpretem mal&#8230; independente disso tudo, prezo a todos os blogueiros e respeito seus pontos de vista. Mesmo que por algumas vezes eu tenha me excedido, sempre soube reconsiderar, me desculpar pelos meus erros. Como j\u00e1 dizia o Paulo C\u00e9sar Pinheiro, &#8220;o importante \u00e9 que a nossa emo\u00e7\u00e3o sobreviva&#8221;.<br \/>E por falar em emo\u00e7\u00e3o, vamos a do dia&#8230; Vamos ao que \u00e9 mais interessante, \u00e0 Beth Carvalho em seu \u00e1lbum de 1981, &#8220;Na fonte&#8221;. Este disco \u00e9 outro da sambista que eu ponho f\u00e9, um dos meus favoritos. Nele n\u00f3s estamos mesmo na fonte do Samba. Beth Carvalho reuniu neste lp os bambas do samba e pagode carioca, gente que sempre ficou nos bastidores, mas que s\u00e3o os pilares da m\u00fasica que mais expressa o Brasil. Um disco verdadeiramente de sambistas, produzido e arranjado por Rildo Horta. Vamos nessa&#8230; t\u00e1 na hora da virada!<\/p>\n<div align=\"center\">virada<\/div>\n<div align=\"center\">escasseia<\/div>\n<div align=\"center\">grande erro<\/div>\n<div align=\"center\">salve a mangueira (a mangueira n\u00e3o pode parar)<\/div>\n<div align=\"center\">morrendo de saudade<\/div>\n<div align=\"center\">motiva\u00e7\u00e3o<\/div>\n<div align=\"center\">gorjear da passarada<\/div>\n<div align=\"center\">peda\u00e7o de ilus\u00e3o<\/div>\n<div align=\"center\">\u00e9, pois \u00e9<\/div>\n<div align=\"center\">dan\u00e7a da solid\u00e3o<\/div>\n<div align=\"center\">tend\u00eancia<\/div>\n<div align=\"center\">deus me fez assim<\/div>\n<div align=\"center\">alpendre da saudade<\/div>\n<div align=\"center\"><\/div>\n<div align=\"center\"><\/div>\n<div align=\"center\"> <\/div>\n<div align=\"center\"> <\/div>\n","protected":false},"excerpt":{"rendered":"<p>Putz! Ontem eu levei um susto com a parada para manuten\u00e7\u00e3o do Mediafire. Achei que os arquivos haviam todos sido deletados. J\u00e1 vi coisa parecida acontecer e nos dias atuais de ca\u00e7a \u00e0s bruxas, n\u00e3o seria de estranhar. Preocupado com &hellip; <a href=\"https:\/\/www.toque-musicall.com\/?p=1327\">Continue lendo <span class=\"meta-nav\">&rarr;<\/span><\/a><\/p>\n","protected":false},"author":1,"featured_media":0,"comment_status":"open","ping_status":"closed","sticky":false,"template":"","format":"standard","meta":{"footnotes":""},"categories":[1251,244],"tags":[],"class_list":["post-1327","post","type-post","status-publish","format-standard","hentry","category-beth-carvalho","category-selo-emi-odeon"],"_links":{"self":[{"href":"https:\/\/www.toque-musicall.com\/index.php?rest_route=\/wp\/v2\/posts\/1327","targetHints":{"allow":["GET"]}}],"collection":[{"href":"https:\/\/www.toque-musicall.com\/index.php?rest_route=\/wp\/v2\/posts"}],"about":[{"href":"https:\/\/www.toque-musicall.com\/index.php?rest_route=\/wp\/v2\/types\/post"}],"author":[{"embeddable":true,"href":"https:\/\/www.toque-musicall.com\/index.php?rest_route=\/wp\/v2\/users\/1"}],"replies":[{"embeddable":true,"href":"https:\/\/www.toque-musicall.com\/index.php?rest_route=%2Fwp%2Fv2%2Fcomments&post=1327"}],"version-history":[{"count":0,"href":"https:\/\/www.toque-musicall.com\/index.php?rest_route=\/wp\/v2\/posts\/1327\/revisions"}],"wp:attachment":[{"href":"https:\/\/www.toque-musicall.com\/index.php?rest_route=%2Fwp%2Fv2%2Fmedia&parent=1327"}],"wp:term":[{"taxonomy":"category","embeddable":true,"href":"https:\/\/www.toque-musicall.com\/index.php?rest_route=%2Fwp%2Fv2%2Fcategories&post=1327"},{"taxonomy":"post_tag","embeddable":true,"href":"https:\/\/www.toque-musicall.com\/index.php?rest_route=%2Fwp%2Fv2%2Ftags&post=1327"}],"curies":[{"name":"wp","href":"https:\/\/api.w.org\/{rel}","templated":true}]}}