{"id":1329,"date":"2009-01-14T12:27:00","date_gmt":"2009-01-14T12:27:00","guid":{"rendered":"http:\/\/www.toque-musicall.com\/?p=1329"},"modified":"2009-01-14T12:27:00","modified_gmt":"2009-01-14T12:27:00","slug":"marilia-medalha-caminhada-1973","status":"publish","type":"post","link":"https:\/\/www.toque-musicall.com\/?p=1329","title":{"rendered":"Marilia Medalha &#8211; Caminhada (1973)"},"content":{"rendered":"<div align=\"left\"><a href=\"http:\/\/3.bp.blogspot.com\/_DSKVEvHtskc\/SW3bi6d0L3I\/AAAAAAAADMw\/PVYrANsVurM\/s1600-h\/marilia+medalha+-+caminhada+P.JPG\"><img decoding=\"async\" id=\"BLOGGER_PHOTO_ID_5291126530086547314\" style=\"DISPLAY: block; MARGIN: 0px auto 10px; WIDTH: 399px; CURSOR: hand; HEIGHT: 400px; TEXT-ALIGN: center\" alt=\"\" src=\"http:\/\/3.bp.blogspot.com\/_DSKVEvHtskc\/SW3bi6d0L3I\/AAAAAAAADMw\/PVYrANsVurM\/s400\/marilia+medalha+-+caminhada+P.JPG\" border=\"0\" \/><\/a>\u00c9&#8230; Pelo jeito estamos com problemas no Mediafire. Para meu desgosto, todos os arquivos do Toque Musical que estavam l\u00e1 hospedados foram deletados. Pelo menos \u00e9 o que parece. Ainda n\u00e3o sei ao certo o que houve. Vou aguardar para ver no que d\u00e1. At\u00e9 ent\u00e3o, volto a usar o Rapidshare que apesar de lento no upload, pelo menos \u00e9 mais garantido.<\/div>\n<div align=\"left\">Hoje eu tenho o prazer de trazer para voc\u00eas uma das minhas favoritas, a cantora e compositora Mar\u00edlia Medalha. Me lembrei dela quando postava o disco da Junia Horta, onde consta na contracapa uma mensagem de Mar\u00edlia. N\u00e3o foi por acaso que ela em 1967, ao lado de Edu Lobo, faturou o primeiro lugar com a m\u00fasica &#8220;Ponteio&#8221; e depois nos anos que se seguiram, continuou se revelando n\u00e3o apenas como cantora, mas tamb\u00e9m compondo. Uma de suas m\u00fasicas que eu acho das mais bonitas est\u00e1 neste lp e \u00e9 a que d\u00e1 nome ao \u00e1lbum. &#8220;Caminhada&#8221; \u00e9 uma m\u00fasica perfeita, tanto em letra como em melodia. Ali\u00e1s, \u00e9 bom dizer, este disco \u00e9 todo perfeito. Al\u00e9m de boas m\u00fasicas e bons instrumentistas, como voc\u00eas poder\u00e3o conferir na contracapa, temos encabe\u00e7ando junto \u00e0 Mar\u00edlia a saudosa violonista Rosinha de Valen\u00e7a, respons\u00e1vel pela produ\u00e7\u00e3o e todos os arranjos. Arranjos, diga-se de passagem, maravilhosos! <\/div>\n<div align=\"left\">Ta\u00ed, um disco que n\u00e3o podia faltar no Toque Musical. Confiram&#8230;<\/div>\n<p><\/p>\n<div align=\"center\">caminhemos<\/div>\n<div align=\"center\">estrada nova<\/div>\n<div align=\"center\">deus me perdoe<\/div>\n<div align=\"center\">persegui\u00e7\u00e3o<\/div>\n<div align=\"center\">fim do mundo<\/div>\n<div align=\"center\">amanheci<\/div>\n<div align=\"center\">\u00e1gua escondida<\/div>\n<div align=\"center\">de cigarro em cigarro<\/div>\n<div align=\"center\">o primeiro clarim &#8211; mortalha fria<\/div>\n<div align=\"center\">caminhada<\/div>\n<div align=\"center\">xaxado de espantar tristeza<\/div>\n<div align=\"center\"><\/div>\n<div align=\"center\"><\/div>\n<div align=\"center\"><\/div>\n<div align=\"center\"><\/div>\n","protected":false},"excerpt":{"rendered":"<p>\u00c9&#8230; Pelo jeito estamos com problemas no Mediafire. Para meu desgosto, todos os arquivos do Toque Musical que estavam l\u00e1 hospedados foram deletados. Pelo menos \u00e9 o que parece. Ainda n\u00e3o sei ao certo o que houve. Vou aguardar para &hellip; <a href=\"https:\/\/www.toque-musicall.com\/?p=1329\">Continue lendo <span class=\"meta-nav\">&rarr;<\/span><\/a><\/p>\n","protected":false},"author":1,"featured_media":0,"comment_status":"open","ping_status":"closed","sticky":false,"template":"","format":"standard","meta":{"footnotes":""},"categories":[857],"tags":[],"class_list":["post-1329","post","type-post","status-publish","format-standard","hentry","category-marilia-medalha"],"_links":{"self":[{"href":"https:\/\/www.toque-musicall.com\/index.php?rest_route=\/wp\/v2\/posts\/1329","targetHints":{"allow":["GET"]}}],"collection":[{"href":"https:\/\/www.toque-musicall.com\/index.php?rest_route=\/wp\/v2\/posts"}],"about":[{"href":"https:\/\/www.toque-musicall.com\/index.php?rest_route=\/wp\/v2\/types\/post"}],"author":[{"embeddable":true,"href":"https:\/\/www.toque-musicall.com\/index.php?rest_route=\/wp\/v2\/users\/1"}],"replies":[{"embeddable":true,"href":"https:\/\/www.toque-musicall.com\/index.php?rest_route=%2Fwp%2Fv2%2Fcomments&post=1329"}],"version-history":[{"count":0,"href":"https:\/\/www.toque-musicall.com\/index.php?rest_route=\/wp\/v2\/posts\/1329\/revisions"}],"wp:attachment":[{"href":"https:\/\/www.toque-musicall.com\/index.php?rest_route=%2Fwp%2Fv2%2Fmedia&parent=1329"}],"wp:term":[{"taxonomy":"category","embeddable":true,"href":"https:\/\/www.toque-musicall.com\/index.php?rest_route=%2Fwp%2Fv2%2Fcategories&post=1329"},{"taxonomy":"post_tag","embeddable":true,"href":"https:\/\/www.toque-musicall.com\/index.php?rest_route=%2Fwp%2Fv2%2Ftags&post=1329"}],"curies":[{"name":"wp","href":"https:\/\/api.w.org\/{rel}","templated":true}]}}