{"id":133,"date":"2012-03-02T20:43:00","date_gmt":"2012-03-02T20:43:00","guid":{"rendered":"http:\/\/www.toque-musicall.com\/?p=133"},"modified":"2012-03-02T20:43:00","modified_gmt":"2012-03-02T20:43:00","slug":"concreto-compacto-quadrado-1994","status":"publish","type":"post","link":"https:\/\/www.toque-musicall.com\/?p=133","title":{"rendered":"Concreto &#8211; Compacto Quadrado (1994)"},"content":{"rendered":"<p><a href=\"http:\/\/1.bp.blogspot.com\/-cBubvOFwNcY\/T1E0MiarndI\/AAAAAAAABJk\/GtPenXUpe5w\/s1600\/concreto+p.JPG\"><img decoding=\"async\" style=\"display:block; margin:0px auto 10px; text-align:center;cursor:pointer; cursor:hand;width: 394px; height: 400px;\" src=\"http:\/\/1.bp.blogspot.com\/-cBubvOFwNcY\/T1E0MiarndI\/AAAAAAAABJk\/GtPenXUpe5w\/s400\/concreto+p.JPG\" border=\"0\" alt=\"\" id=\"BLOGGER_PHOTO_ID_5715406792111660498\" \/><\/a><a href=\"http:\/\/3.bp.blogspot.com\/-Lia6-iz8Y4I\/T1Ez45L0s0I\/AAAAAAAABJY\/q4mRnytpaZc\/s1600\/disco1p.JPG\"><img decoding=\"async\" style=\"display:block; margin:0px auto 10px; text-align:center;cursor:pointer; cursor:hand;width: 368px; height: 400px;\" src=\"http:\/\/3.bp.blogspot.com\/-Lia6-iz8Y4I\/T1Ez45L0s0I\/AAAAAAAABJY\/q4mRnytpaZc\/s400\/disco1p.JPG\" border=\"0\" alt=\"\" id=\"BLOGGER_PHOTO_ID_5715406454625973058\" \/><\/a><a href=\"http:\/\/4.bp.blogspot.com\/-BcKpvNJ4rhY\/T1Ezl1-RcPI\/AAAAAAAABJM\/QSYDZ1x5VVI\/s1600\/concreto+2p.JPG\"><img decoding=\"async\" style=\"display:block; margin:0px auto 10px; text-align:center;cursor:pointer; cursor:hand;width: 390px; height: 400px;\" src=\"http:\/\/4.bp.blogspot.com\/-BcKpvNJ4rhY\/T1Ezl1-RcPI\/AAAAAAAABJM\/QSYDZ1x5VVI\/s400\/concreto+2p.JPG\" border=\"0\" alt=\"\" id=\"BLOGGER_PHOTO_ID_5715406127346315506\" \/><\/a>Boa noite a todos! Chegamos a mais uma sexta feira. Por aqui, super quente, merecendo logo mais umas cervejas para refrescar. Eu vou! Antes por\u00e9m, vou deixando o meu recado. A semana foi para dar uma &#8216;arejada&#8217;, um clima diferente e inesperado, como condiz a um blog como o Toque Musical. Atirando para todos os lados, mas sempre no alvo \ud83d\ude09<\/p>\n<div>Hoje eu vou fazer aqui duas postagens. Para salvar a semana e lavar a alma! Nesta primeira eu trago para voc\u00eas um rar\u00edssimo compacto da banda de &#8216;hard rock&#8217; mineira, Concerto. Foi o seu primeiro disco, lan\u00e7ado pelo selo Azra International, de Los Angeles, em 1994. A peculiaridade do disquinho \u00e9 ser um vinil quadrado que s\u00f3 toca de um lado e onde encontramos duas faixas, curiosamente sem nomes. N\u00e3o h\u00e1 men\u00e7\u00e3o aos t\u00edtulos das duas m\u00fasicas. Eu at\u00e9 poderia procurar, mas vou deixar a minha pregui\u00e7a fazer parte do conceito. Um compacto como este, hoje, vale uma grana!<\/div>\n<div>O Concreto foi formando em Belo Horizonte em 1993. Seu integrantes s\u00e3o Marcelo Loss, baixo e vocal; T\u00falio de Paula, guitarra e voz; Fid\u00e9lis, guitarra e vocal e Teddy na bateria. Ao longo desse tempo na estrada lan\u00e7aram uns quatro discos ou cinco discos. S\u00e3o considerados por cr\u00edticos de rock como uma das melhores bandas do &#8216;rock underground&#8217; brasileiro. H\u00e1 tempos n\u00e3o vejo a turma pela cidade, mas creio que eles continuam na ativa. N\u00e3o deixem de conferir. a coisa est\u00e1 melhorando \ud83d\ude09<\/div>\n<div><\/div>\n<div><\/div>\n<div><\/div>\n","protected":false},"excerpt":{"rendered":"<p>Boa noite a todos! Chegamos a mais uma sexta feira. Por aqui, super quente, merecendo logo mais umas cervejas para refrescar. Eu vou! Antes por\u00e9m, vou deixando o meu recado. A semana foi para dar uma &#8216;arejada&#8217;, um clima diferente &hellip; <a href=\"https:\/\/www.toque-musicall.com\/?p=133\">Continue lendo <span class=\"meta-nav\">&rarr;<\/span><\/a><\/p>\n","protected":false},"author":1,"featured_media":0,"comment_status":"open","ping_status":"closed","sticky":false,"template":"","format":"standard","meta":{"footnotes":""},"categories":[93,241,25],"tags":[],"class_list":["post-133","post","type-post","status-publish","format-standard","hentry","category-compactos","category-concreto","category-selo-independente"],"_links":{"self":[{"href":"https:\/\/www.toque-musicall.com\/index.php?rest_route=\/wp\/v2\/posts\/133","targetHints":{"allow":["GET"]}}],"collection":[{"href":"https:\/\/www.toque-musicall.com\/index.php?rest_route=\/wp\/v2\/posts"}],"about":[{"href":"https:\/\/www.toque-musicall.com\/index.php?rest_route=\/wp\/v2\/types\/post"}],"author":[{"embeddable":true,"href":"https:\/\/www.toque-musicall.com\/index.php?rest_route=\/wp\/v2\/users\/1"}],"replies":[{"embeddable":true,"href":"https:\/\/www.toque-musicall.com\/index.php?rest_route=%2Fwp%2Fv2%2Fcomments&post=133"}],"version-history":[{"count":0,"href":"https:\/\/www.toque-musicall.com\/index.php?rest_route=\/wp\/v2\/posts\/133\/revisions"}],"wp:attachment":[{"href":"https:\/\/www.toque-musicall.com\/index.php?rest_route=%2Fwp%2Fv2%2Fmedia&parent=133"}],"wp:term":[{"taxonomy":"category","embeddable":true,"href":"https:\/\/www.toque-musicall.com\/index.php?rest_route=%2Fwp%2Fv2%2Fcategories&post=133"},{"taxonomy":"post_tag","embeddable":true,"href":"https:\/\/www.toque-musicall.com\/index.php?rest_route=%2Fwp%2Fv2%2Ftags&post=133"}],"curies":[{"name":"wp","href":"https:\/\/api.w.org\/{rel}","templated":true}]}}