{"id":1331,"date":"2009-01-12T11:11:00","date_gmt":"2009-01-12T11:11:00","guid":{"rendered":"http:\/\/www.toque-musicall.com\/?p=1331"},"modified":"2009-01-12T11:11:00","modified_gmt":"2009-01-12T11:11:00","slug":"adoniran-barbosa-e-paulo-vanzolini-nova-historia-da-mpb-1978-3","status":"publish","type":"post","link":"https:\/\/www.toque-musicall.com\/?p=1331","title":{"rendered":"Adoniran Barbosa E Paulo Vanzolini- Nova Hist\u00f3ria Da MPB (1978) 3"},"content":{"rendered":"<div align=\"left\"><a href=\"http:\/\/4.bp.blogspot.com\/_DSKVEvHtskc\/SWsmIPASbrI\/AAAAAAAADMY\/Ia7Htwqo-48\/s1600-h\/adoniran+e+paulo+P.JPG\"><img decoding=\"async\" alt=\"\" border=\"0\" id=\"BLOGGER_PHOTO_ID_5290364110185328306\" src=\"http:\/\/4.bp.blogspot.com\/_DSKVEvHtskc\/SWsmIPASbrI\/AAAAAAAADMY\/Ia7Htwqo-48\/s400\/adoniran+e+paulo+P.JPG\" style=\"cursor: hand; display: block; height: 400px; margin: 0px auto 10px; text-align: center; width: 375px;\" \/><\/a> Iniciando mais uma semana, vou logo trazendo outro volume da cole\u00e7\u00e3o Nova Hist\u00f3ria da M\u00fasica Popular Brasileira. Como eu j\u00e1 havia informado (e pelo jeito estarei informando sempre a cada novo volume), a apresenta\u00e7\u00e3o da s\u00e9rie \u00e9 feita por ordem alfab\u00e9tica e n\u00e3o conforme a de lan\u00e7amento. Mesmo porque,  n\u00e3o h\u00e1 uma numera\u00e7\u00e3o a ser seguida.<\/div>\n<div align=\"left\">Hoje temos duas figuras excepcionais, dois mestres, Adoniran Barbosa e Paulo Vanzolini. N\u00e3o h\u00e1 muito o que se possa falar desses dois compositores paulistas que j\u00e1 n\u00e3o tenha sido dito. Ali\u00e1s, neste disquinho, n\u00e3o h\u00e1 muito o que se possa mostrar tanto de um quanto do outro. Eu sinceramente n\u00e3o entendo at\u00e9 hoje o que levou a Abril Cultural a lan\u00e7ar essa cole\u00e7\u00e3o com um disco de 10 polegadas. Ser\u00e1 que n\u00e3o dava para ser um &#8216;long play&#8217; com quatro musiquinhas a mais? Melhor ainda, ser\u00e1 que n\u00e3o dava para fazer um \u00e1lbum duplo? Ou pelo menos dar a cada artista escolhido um volume exclusivo? Esta cole\u00e7\u00e3o \u00e9 muito legal, mas deixa a gente com \u00e1gua na boca, um gostinho de quero mais. Talvez seja essa mesma a inten\u00e7\u00e3o. Temos ent\u00e3o, de um lado Adoniran e do outro o Vanzolini. Acompanhando, segue o \u00e1lbum com as informa\u00e7\u00f5es que o completa. Confiram&#8230;<\/div>\n<p><\/p>\n<div align=\"center\"><\/div>\n<div align=\"center\">saudosa maloca<\/div>\n<div align=\"center\">samba do arnesto<\/div>\n<div align=\"center\">bom dia tristeza<\/div>\n<div align=\"center\">trem das onze<\/div>\n<div align=\"center\">ronda<\/div>\n<div align=\"center\">volta por cima<\/div>\n<div align=\"center\">pra\u00e7a cl\u00f3vis<\/div>\n<div align=\"center\">capoeira do arnaldo<\/div>\n<div align=\"center\"><\/div>\n<div align=\"center\"><\/div>\n<div align=\"center\"><\/div>\n<div align=\"center\"><\/div>\n","protected":false},"excerpt":{"rendered":"<p>Iniciando mais uma semana, vou logo trazendo outro volume da cole\u00e7\u00e3o Nova Hist\u00f3ria da M\u00fasica Popular Brasileira. Como eu j\u00e1 havia informado (e pelo jeito estarei informando sempre a cada novo volume), a apresenta\u00e7\u00e3o da s\u00e9rie \u00e9 feita por ordem &hellip; <a href=\"https:\/\/www.toque-musicall.com\/?p=1331\">Continue lendo <span class=\"meta-nav\">&rarr;<\/span><\/a><\/p>\n","protected":false},"author":1,"featured_media":0,"comment_status":"open","ping_status":"closed","sticky":false,"template":"","format":"standard","meta":{"footnotes":""},"categories":[1055,1286,408,1330,1540,1359,194,1256,1539,1541,308],"tags":[],"class_list":["post-1331","post","type-post","status-publish","format-standard","hentry","category-adoniran-barbosa","category-carmen-costa","category-chico-buarque","category-colecoes","category-luiz-carlos-parana","category-maysa","category-noite-ilustrada","category-os-demonios-da-garoa","category-paulo-vanzolini","category-selo-abril-cultural","category-titulares-do-ritmo"],"_links":{"self":[{"href":"https:\/\/www.toque-musicall.com\/index.php?rest_route=\/wp\/v2\/posts\/1331","targetHints":{"allow":["GET"]}}],"collection":[{"href":"https:\/\/www.toque-musicall.com\/index.php?rest_route=\/wp\/v2\/posts"}],"about":[{"href":"https:\/\/www.toque-musicall.com\/index.php?rest_route=\/wp\/v2\/types\/post"}],"author":[{"embeddable":true,"href":"https:\/\/www.toque-musicall.com\/index.php?rest_route=\/wp\/v2\/users\/1"}],"replies":[{"embeddable":true,"href":"https:\/\/www.toque-musicall.com\/index.php?rest_route=%2Fwp%2Fv2%2Fcomments&post=1331"}],"version-history":[{"count":0,"href":"https:\/\/www.toque-musicall.com\/index.php?rest_route=\/wp\/v2\/posts\/1331\/revisions"}],"wp:attachment":[{"href":"https:\/\/www.toque-musicall.com\/index.php?rest_route=%2Fwp%2Fv2%2Fmedia&parent=1331"}],"wp:term":[{"taxonomy":"category","embeddable":true,"href":"https:\/\/www.toque-musicall.com\/index.php?rest_route=%2Fwp%2Fv2%2Fcategories&post=1331"},{"taxonomy":"post_tag","embeddable":true,"href":"https:\/\/www.toque-musicall.com\/index.php?rest_route=%2Fwp%2Fv2%2Ftags&post=1331"}],"curies":[{"name":"wp","href":"https:\/\/api.w.org\/{rel}","templated":true}]}}