{"id":1332,"date":"2009-01-11T10:07:00","date_gmt":"2009-01-11T10:07:00","guid":{"rendered":"http:\/\/www.toque-musicall.com\/?p=1332"},"modified":"2009-01-11T10:07:00","modified_gmt":"2009-01-11T10:07:00","slug":"diana-pequeno-eterno-como-areia-1979","status":"publish","type":"post","link":"https:\/\/www.toque-musicall.com\/?p=1332","title":{"rendered":"Diana Pequeno &#8211; Eterno Como Areia (1979)"},"content":{"rendered":"<div align=\"left\"><a href=\"http:\/\/1.bp.blogspot.com\/_DSKVEvHtskc\/SWnU5a5UWxI\/AAAAAAAADMQ\/ZXgbf3JRlVg\/s1600-h\/diana+pequeno+P.JPG\"><img decoding=\"async\" id=\"BLOGGER_PHOTO_ID_5289993320260721426\" style=\"DISPLAY: block; MARGIN: 0px auto 10px; WIDTH: 400px; CURSOR: hand; HEIGHT: 400px; TEXT-ALIGN: center\" alt=\"\" src=\"http:\/\/1.bp.blogspot.com\/_DSKVEvHtskc\/SWnU5a5UWxI\/AAAAAAAADMQ\/ZXgbf3JRlVg\/s400\/diana+pequeno+P.JPG\" border=\"0\" \/><\/a> Ol\u00e1s! Deixei para hoje, domingo, a postagem de &#8220;Eterno como areia&#8221;, segundo \u00e1lbum da cantora e compositora baiana Diana Pequeno. Eu era apaixonado por essa morena, que al\u00e9m de ser muito bonita, canta maravilhosamente bem. Para completar, sempre escolheu um repert\u00f3rio de primeira, que sempre me agradou. Neste lp, lan\u00e7ado em 1979, Diana repete a dose, apostando num estilo que mescla baladas rom\u00e2nticas, influ\u00eancias medievais, folcl\u00f3ricas e rurais. Pessoalmente, acho este disco bom da primeira \u00e0 \u00faltima faixa. Temos nele alguns destaques como &#8220;Facho de fogo&#8221;, de Jo\u00e3o B\u00e1 e Vital Fran\u00e7a, defendida por ela no Festival da TV Tupi em 79. &#8220;Diverdade&#8221;, de <a href=\"http:\/\/toque-musical.blogspot.com\/2008\/07\/chico-maranho-fonte-nova-1980.html\">Chico Maranh\u00e3o<\/a>, \u00e9 outra que tamb\u00e9m foi classificada para o festival da TV Globo, o MPB 80. Se n\u00e3o bastasse ainda tem mais&#8230;<\/div>\n<p><\/p>\n<div align=\"center\">engenho de flores<\/div>\n<div align=\"center\">facho de fogo<\/div>\n<div align=\"center\">campo branco<\/div>\n<div align=\"center\">eterno como areia<\/div>\n<div align=\"center\">rio largo de profundis<\/div>\n<div align=\"center\">camle\u00e3o<\/div>\n<div align=\"center\">diverdade<\/div>\n<div align=\"center\">chama<\/div>\n<div align=\"center\">esse mar vai dar na bahia<\/div>\n<div align=\"center\">travessei moreno<\/div>\n<div align=\"center\">colina <\/div>\n<div align=\"center\">cantiga de amigo<\/div>\n<div align=\"center\">n\u00f3 partido <\/div>\n<div align=\"center\"><\/div>\n<div align=\"center\"><\/div>\n<div align=\"center\"><\/div>\n<div align=\"center\"><\/div>\n","protected":false},"excerpt":{"rendered":"<p>Ol\u00e1s! Deixei para hoje, domingo, a postagem de &#8220;Eterno como areia&#8221;, segundo \u00e1lbum da cantora e compositora baiana Diana Pequeno. Eu era apaixonado por essa morena, que al\u00e9m de ser muito bonita, canta maravilhosamente bem. Para completar, sempre escolheu um &hellip; <a href=\"https:\/\/www.toque-musicall.com\/?p=1332\">Continue lendo <span class=\"meta-nav\">&rarr;<\/span><\/a><\/p>\n","protected":false},"author":1,"featured_media":0,"comment_status":"open","ping_status":"closed","sticky":false,"template":"","format":"standard","meta":{"footnotes":""},"categories":[1542],"tags":[],"class_list":["post-1332","post","type-post","status-publish","format-standard","hentry","category-diana-pequeno"],"_links":{"self":[{"href":"https:\/\/www.toque-musicall.com\/index.php?rest_route=\/wp\/v2\/posts\/1332","targetHints":{"allow":["GET"]}}],"collection":[{"href":"https:\/\/www.toque-musicall.com\/index.php?rest_route=\/wp\/v2\/posts"}],"about":[{"href":"https:\/\/www.toque-musicall.com\/index.php?rest_route=\/wp\/v2\/types\/post"}],"author":[{"embeddable":true,"href":"https:\/\/www.toque-musicall.com\/index.php?rest_route=\/wp\/v2\/users\/1"}],"replies":[{"embeddable":true,"href":"https:\/\/www.toque-musicall.com\/index.php?rest_route=%2Fwp%2Fv2%2Fcomments&post=1332"}],"version-history":[{"count":0,"href":"https:\/\/www.toque-musicall.com\/index.php?rest_route=\/wp\/v2\/posts\/1332\/revisions"}],"wp:attachment":[{"href":"https:\/\/www.toque-musicall.com\/index.php?rest_route=%2Fwp%2Fv2%2Fmedia&parent=1332"}],"wp:term":[{"taxonomy":"category","embeddable":true,"href":"https:\/\/www.toque-musicall.com\/index.php?rest_route=%2Fwp%2Fv2%2Fcategories&post=1332"},{"taxonomy":"post_tag","embeddable":true,"href":"https:\/\/www.toque-musicall.com\/index.php?rest_route=%2Fwp%2Fv2%2Ftags&post=1332"}],"curies":[{"name":"wp","href":"https:\/\/api.w.org\/{rel}","templated":true}]}}