{"id":1336,"date":"2009-01-07T13:01:00","date_gmt":"2009-01-07T13:01:00","guid":{"rendered":"http:\/\/www.toque-musicall.com\/?p=1336"},"modified":"2009-01-07T13:01:00","modified_gmt":"2009-01-07T13:01:00","slug":"junia-horta-nao-me-lembre-demais-nem-me-esqueca-1983","status":"publish","type":"post","link":"https:\/\/www.toque-musicall.com\/?p=1336","title":{"rendered":"Junia Horta &#8211; N\u00e3o Me Lembre Demais, Nem Me Esque\u00e7a (1983)"},"content":{"rendered":"<p><a href=\"http:\/\/2.bp.blogspot.com\/_DSKVEvHtskc\/SWSpCfnqa4I\/AAAAAAAADLw\/psT17xjeXrA\/s1600-h\/junia+horta+P.JPG\"><img decoding=\"async\" id=\"BLOGGER_PHOTO_ID_5288537722752494466\" style=\"DISPLAY: block; MARGIN: 0px auto 10px; WIDTH: 400px; CURSOR: hand; HEIGHT: 396px; TEXT-ALIGN: center\" alt=\"\" src=\"http:\/\/2.bp.blogspot.com\/_DSKVEvHtskc\/SWSpCfnqa4I\/AAAAAAAADLw\/psT17xjeXrA\/s400\/junia+horta+P.JPG\" border=\"0\" \/><\/a>J\u00e1 faz um tempo que n\u00e3o escuto falar mais na cantora e compositora Junia Horta. Me parece que ela trocou a carreira de artista pela burocr\u00e1tica. A \u00faltima informa\u00e7\u00e3o que tive dela foi que estava trabalhando na Secretaria Estadual de Cultura de Minas Gerais. Junia, para os que n\u00e3o sabem \u00e9 parente (prima ou tia?) do guitarrista Toninho Horta. Com ele, ela comp\u00f4s ainda na adolesc\u00eancia a letra para a m\u00fasica &#8220;Flor que Cheira Saudade&#8221;, gravada por A\u00e9cio Flavio e seu conjunto. Em 1967, outra cria\u00e7\u00e3o dos dois, &#8220;Maria Madrugada&#8221;, esteve na primeira eliminat\u00f3ria do II FIC e foi um dos passaportes de Toninho para Rio de Janeiro, que no in\u00edcio dos anos 70 se mudaria em definitivo para l\u00e1. <\/p>\n<div align=\"left\">&#8220;N\u00e3o me lembre demais, nem me esque\u00e7a&#8221; foi gravado na Bemol e contou com um time de feras mineiras nesta produ\u00e7\u00e3o independente. Me parece que foi seu primeiro e \u00fanico disco. N\u00e3o sei se ela chegou a gravar outros e nem os encontrei na rede. Ironicamente, com este t\u00edtulo, o \u00e1lbum chega a ser quase um pren\u00fancio. Mas a sua m\u00fasica tem qualidades que est\u00e3o no sangue. Al\u00e9m de letrista e compositora ela tamb\u00e9m tem uma bela voz. H\u00e1 algo de Sueli Costa&#8230; sei l\u00e1&#8230; S\u00f3 sei dizer que o disco \u00e9 bom e vale uma conferida. <\/div>\n<p><\/p>\n<div align=\"center\">mem\u00f3ria<\/div>\n<div align=\"center\">veneno<\/div>\n<div align=\"center\">corpo e alma<\/div>\n<div align=\"center\">caldeir\u00e3o<\/div>\n<div align=\"center\">loucura<\/div>\n<div align=\"center\">de sol a sol<\/div>\n<div align=\"center\">verdade submersa<\/div>\n<div align=\"center\">canto de desalento<\/div>\n<div align=\"center\">contradan\u00e7a<\/div>\n<div align=\"center\">fantasmas<\/div>\n<div align=\"center\">mariana<\/div>\n<div align=\"center\">velas ao mar<\/div>\n<div align=\"center\"><\/div>\n<div align=\"center\"><\/div>\n<div align=\"center\"><\/div>\n<div align=\"center\"><\/div>\n","protected":false},"excerpt":{"rendered":"<p>J\u00e1 faz um tempo que n\u00e3o escuto falar mais na cantora e compositora Junia Horta. Me parece que ela trocou a carreira de artista pela burocr\u00e1tica. A \u00faltima informa\u00e7\u00e3o que tive dela foi que estava trabalhando na Secretaria Estadual de &hellip; <a href=\"https:\/\/www.toque-musicall.com\/?p=1336\">Continue lendo <span class=\"meta-nav\">&rarr;<\/span><\/a><\/p>\n","protected":false},"author":1,"featured_media":0,"comment_status":"open","ping_status":"closed","sticky":false,"template":"","format":"standard","meta":{"footnotes":""},"categories":[472],"tags":[],"class_list":["post-1336","post","type-post","status-publish","format-standard","hentry","category-junia-horta"],"_links":{"self":[{"href":"https:\/\/www.toque-musicall.com\/index.php?rest_route=\/wp\/v2\/posts\/1336","targetHints":{"allow":["GET"]}}],"collection":[{"href":"https:\/\/www.toque-musicall.com\/index.php?rest_route=\/wp\/v2\/posts"}],"about":[{"href":"https:\/\/www.toque-musicall.com\/index.php?rest_route=\/wp\/v2\/types\/post"}],"author":[{"embeddable":true,"href":"https:\/\/www.toque-musicall.com\/index.php?rest_route=\/wp\/v2\/users\/1"}],"replies":[{"embeddable":true,"href":"https:\/\/www.toque-musicall.com\/index.php?rest_route=%2Fwp%2Fv2%2Fcomments&post=1336"}],"version-history":[{"count":0,"href":"https:\/\/www.toque-musicall.com\/index.php?rest_route=\/wp\/v2\/posts\/1336\/revisions"}],"wp:attachment":[{"href":"https:\/\/www.toque-musicall.com\/index.php?rest_route=%2Fwp%2Fv2%2Fmedia&parent=1336"}],"wp:term":[{"taxonomy":"category","embeddable":true,"href":"https:\/\/www.toque-musicall.com\/index.php?rest_route=%2Fwp%2Fv2%2Fcategories&post=1336"},{"taxonomy":"post_tag","embeddable":true,"href":"https:\/\/www.toque-musicall.com\/index.php?rest_route=%2Fwp%2Fv2%2Ftags&post=1336"}],"curies":[{"name":"wp","href":"https:\/\/api.w.org\/{rel}","templated":true}]}}