{"id":1338,"date":"2009-01-06T09:44:00","date_gmt":"2009-01-06T09:44:00","guid":{"rendered":"http:\/\/www.toque-musicall.com\/?p=1338"},"modified":"2009-01-06T09:44:00","modified_gmt":"2009-01-06T09:44:00","slug":"abel-ferreira-e-o-choro-nova-historia-da-musica-popular-brasileira-1978-2","status":"publish","type":"post","link":"https:\/\/www.toque-musicall.com\/?p=1338","title":{"rendered":"Abel Ferreira E O Choro &#8211; Nova Hist\u00f3ria Da M\u00fasica Popular Brasileira (1978) 2"},"content":{"rendered":"<div align=\"left\"><a href=\"http:\/\/4.bp.blogspot.com\/_DSKVEvHtskc\/SWMwh82vN5I\/AAAAAAAADLg\/pDnECUyQFOA\/s1600-h\/Abel+Ferreira+P.JPG\"><img decoding=\"async\" id=\"BLOGGER_PHOTO_ID_5288123747292624786\" style=\"DISPLAY: block; MARGIN: 0px auto 10px; WIDTH: 376px; CURSOR: hand; HEIGHT: 400px; TEXT-ALIGN: center\" alt=\"\" src=\"http:\/\/4.bp.blogspot.com\/_DSKVEvHtskc\/SWMwh82vN5I\/AAAAAAAADLg\/pDnECUyQFOA\/s400\/Abel+Ferreira+P.JPG\" border=\"0\" \/><\/a> Como eu havia anunciado, esta semana \u00e9 dedicada \u00e0 voz feminina. Por\u00e9m, eu tamb\u00e9m disse que ter\u00edamos, semanalmente, um volume da cole\u00e7\u00e3o Nova Hist\u00f3ria da MPB. Dessa forma e excepcionalmente teremos hoje duas postagens (oooba!). Estou afirmando isso, mas ainda nem tive tempo de preparar nossa artista do dia. Eu bem que poderia ter escolhido uma representante feminina da s\u00e9rie, mas a participa\u00e7\u00e3o das mulheres nesta cole\u00e7\u00e3o \u00e9 quase insignificante, se limitando a Dolores Duran e Rita Lee, que ainda por cima dividem discos, respectivamente, com Tito Madi e Secos &#038; Molhados. Al\u00e9m do mais, a ordem de apresenta\u00e7\u00e3o dos volumes, eu achei por bem faz\u00ea-la na ordem alfab\u00e9tica, visto que n\u00e3o h\u00e1 uma numera\u00e7\u00e3o expressa para cada \u00e1lbum lan\u00e7ado.<\/div>\n<div align=\"left\">Temos ent\u00e3o o disco do Choro, sendo o clarinetista Abel Ferreira o seu representante. N\u00e3o entendi muito bem o motivo, visto que das oito faixas apenas em duas ele \u00e9 o solista. De qualquer maneira \u00e9 um disco que nos d\u00e1 uma pequena amostra do que \u00e9 o chorinho e alguns de seus chor\u00f5es.<\/div>\n<p><\/p>\n<div align=\"center\">numa seresta &#8211; abel ferreira<\/div>\n<div align=\"center\">dinor\u00e1 &#8211; altamiro carrilho e seu regional<\/div>\n<div align=\"center\">quando a minha flauta chora &#8211; dante santoro e regional<\/div>\n<div align=\"center\">chorando baixinho &#8211; abel ferreira e regional<\/div>\n<div align=\"center\">espinha de bacalhau &#8211; severino ara\u00fajo e orquestra tabajara<\/div>\n<div align=\"center\">andr\u00e9 de sapato novo &#8211; carlos poyares<\/div>\n<div align=\"center\">na gl\u00f3ria &#8211; raul de barros e regional<\/div>\n<div align=\"center\">eu quero \u00e9 sossego &#8211; paulo moura e conjunto<\/div>\n<div align=\"center\"><\/div>\n<div align=\"center\"><\/div>\n<div align=\"center\"> <\/div>\n<div align=\"center\"> <\/div>\n","protected":false},"excerpt":{"rendered":"<p>Como eu havia anunciado, esta semana \u00e9 dedicada \u00e0 voz feminina. Por\u00e9m, eu tamb\u00e9m disse que ter\u00edamos, semanalmente, um volume da cole\u00e7\u00e3o Nova Hist\u00f3ria da MPB. Dessa forma e excepcionalmente teremos hoje duas postagens (oooba!). Estou afirmando isso, mas ainda &hellip; <a href=\"https:\/\/www.toque-musicall.com\/?p=1338\">Continue lendo <span class=\"meta-nav\">&rarr;<\/span><\/a><\/p>\n","protected":false},"author":1,"featured_media":0,"comment_status":"open","ping_status":"closed","sticky":false,"template":"","format":"standard","meta":{"footnotes":""},"categories":[125,213,657,1330,1547,1546,987,219,499],"tags":[],"class_list":["post-1338","post","type-post","status-publish","format-standard","hentry","category-abel-ferreira","category-altamiro-carrilho","category-carlos-poyares","category-colecoes","category-dante-santoro-e-seu-regional","category-orquesta-tabajara","category-paulo-moura","category-raul-de-barros","category-severino-araujo-e-orquestra-tabajara"],"_links":{"self":[{"href":"https:\/\/www.toque-musicall.com\/index.php?rest_route=\/wp\/v2\/posts\/1338","targetHints":{"allow":["GET"]}}],"collection":[{"href":"https:\/\/www.toque-musicall.com\/index.php?rest_route=\/wp\/v2\/posts"}],"about":[{"href":"https:\/\/www.toque-musicall.com\/index.php?rest_route=\/wp\/v2\/types\/post"}],"author":[{"embeddable":true,"href":"https:\/\/www.toque-musicall.com\/index.php?rest_route=\/wp\/v2\/users\/1"}],"replies":[{"embeddable":true,"href":"https:\/\/www.toque-musicall.com\/index.php?rest_route=%2Fwp%2Fv2%2Fcomments&post=1338"}],"version-history":[{"count":0,"href":"https:\/\/www.toque-musicall.com\/index.php?rest_route=\/wp\/v2\/posts\/1338\/revisions"}],"wp:attachment":[{"href":"https:\/\/www.toque-musicall.com\/index.php?rest_route=%2Fwp%2Fv2%2Fmedia&parent=1338"}],"wp:term":[{"taxonomy":"category","embeddable":true,"href":"https:\/\/www.toque-musicall.com\/index.php?rest_route=%2Fwp%2Fv2%2Fcategories&post=1338"},{"taxonomy":"post_tag","embeddable":true,"href":"https:\/\/www.toque-musicall.com\/index.php?rest_route=%2Fwp%2Fv2%2Ftags&post=1338"}],"curies":[{"name":"wp","href":"https:\/\/api.w.org\/{rel}","templated":true}]}}