{"id":134,"date":"2012-03-01T15:29:00","date_gmt":"2012-03-01T15:29:00","guid":{"rendered":"http:\/\/www.toque-musicall.com\/?p=134"},"modified":"2012-03-01T15:29:00","modified_gmt":"2012-03-01T15:29:00","slug":"tubarao-perdidos-no-deserto-1991","status":"publish","type":"post","link":"https:\/\/www.toque-musicall.com\/?p=134","title":{"rendered":"Tubar\u00e3o &#8211; Perdidos No Deserto (1991)"},"content":{"rendered":"<p><a href=\"http:\/\/3.bp.blogspot.com\/-ZZBFOUCXLho\/T0-pv_3KtRI\/AAAAAAAABJA\/vGGpR91Pbmo\/s1600\/tubar%25C3%25A3o+P.JPG\"><img decoding=\"async\" style=\"display:block; margin:0px auto 10px; text-align:center;cursor:pointer; cursor:hand;width: 400px; height: 400px;\" src=\"http:\/\/3.bp.blogspot.com\/-ZZBFOUCXLho\/T0-pv_3KtRI\/AAAAAAAABJA\/vGGpR91Pbmo\/s400\/tubar%25C3%25A3o+P.JPG\" border=\"0\" alt=\"\" id=\"BLOGGER_PHOTO_ID_5714973094218216722\" \/><\/a><a href=\"http:\/\/4.bp.blogspot.com\/-7246M1O-E6E\/T0-prjkoQsI\/AAAAAAAABI0\/K5El7p4Vihw\/s1600\/contracapa+P.JPG\"><img decoding=\"async\" style=\"display:block; margin:0px auto 10px; text-align:center;cursor:pointer; cursor:hand;width: 400px; height: 399px;\" src=\"http:\/\/4.bp.blogspot.com\/-7246M1O-E6E\/T0-prjkoQsI\/AAAAAAAABI0\/K5El7p4Vihw\/s400\/contracapa+P.JPG\" border=\"0\" alt=\"\" id=\"BLOGGER_PHOTO_ID_5714973017904792258\" \/><\/a>Boa tarde, amigos cultos, ocultos e associados! Mantendo a tem\u00e1tica pop\/rock da semana, aqui vai mais um disco que eu estou descobrindo agora, junto com voc\u00eas, &#8220;Tubar\u00e3o &#8211; Perdidos no deserto&#8221;. Embora seja um grupo pop nascido l\u00e1 pelos idos dos anos 80, passou meio que despercebido pela minha praia. Assim como tantos outros daquela bendita \u00e9poca. Mas, nunca \u00e9 tarde para a gente rever os conceitos, ou quando nada, fazer uma pirracinha e mudar o foco da turma. \u00c9 como eu sempre digo, o Toque Musical \u00e9 um blog onde se escuta de tudo, mas sempre com outros olhos. <\/p>\n<div>Temos ent\u00e3o o grupo Tubar\u00e3o, quem vem l\u00e1 de Santa Catarina. O nome tem a ver com a cidade de origem de alguns dos integrantes. Pelo que eu li l\u00e1 no &#8220;MySpace&#8221; da mo\u00e7ada, o grupo gravou uns tr\u00eas discos, sendo este o \u00faltimo. Preciso ouvir os outros discos, pois segundo eles mesmo, &#8220;Perdidos no deserto&#8221; foi o trabalho mais comercial, feito de encomenda para as FMs. T\u00e1 certo, entendi tudo&#8230; E vou fazer voc\u00eas entenderem tamb\u00e9m \ud83d\ude09 Apesar de faltar aqui um &#8216;Spielberg&#8217; na dire\u00e7\u00e3o, ouvindo o \u00e1lbum ap\u00f3s 20 anos ele passa ter at\u00e9 um outro sabor, principalmente quando hoje vemos e ouvimos por a\u00ed tanto ca\u00e7\u00e3o metido a besta.<\/div>\n<div>Vamos nessa gente, pois como dizia a minha v\u00f3, toda araruta tem seu dia de mingau.<\/div>\n<div><\/div>\n<div style=\"text-align: center;\">certo e errado<\/div>\n<div style=\"text-align: center;\">sem respostas<\/div>\n<div style=\"text-align: center;\">a tribo<\/div>\n<div style=\"text-align: center;\">pra saber quem eu sou<\/div>\n<div style=\"text-align: center;\">voc\u00ea n\u00e3o diz nada<\/div>\n<div style=\"text-align: center;\">tudo na vida \u00e9 um sonho<\/div>\n<div style=\"text-align: center;\">todos por mim<\/div>\n<div style=\"text-align: center;\">vou conquistar o seu cora\u00e7\u00e3o<\/div>\n<div style=\"text-align: center;\">vida comum<\/div>\n<div style=\"text-align: center;\">cora\u00e7\u00f5es a mil<\/div>\n<div style=\"text-align: center;\"><\/div>\n<div><\/div>\n","protected":false},"excerpt":{"rendered":"<p>Boa tarde, amigos cultos, ocultos e associados! Mantendo a tem\u00e1tica pop\/rock da semana, aqui vai mais um disco que eu estou descobrindo agora, junto com voc\u00eas, &#8220;Tubar\u00e3o &#8211; Perdidos no deserto&#8221;. Embora seja um grupo pop nascido l\u00e1 pelos idos &hellip; <a href=\"https:\/\/www.toque-musicall.com\/?p=134\">Continue lendo <span class=\"meta-nav\">&rarr;<\/span><\/a><\/p>\n","protected":false},"author":1,"featured_media":0,"comment_status":"open","ping_status":"closed","sticky":false,"template":"","format":"standard","meta":{"footnotes":""},"categories":[153,242],"tags":[],"class_list":["post-134","post","type-post","status-publish","format-standard","hentry","category-selo-rge","category-tubarao"],"_links":{"self":[{"href":"https:\/\/www.toque-musicall.com\/index.php?rest_route=\/wp\/v2\/posts\/134","targetHints":{"allow":["GET"]}}],"collection":[{"href":"https:\/\/www.toque-musicall.com\/index.php?rest_route=\/wp\/v2\/posts"}],"about":[{"href":"https:\/\/www.toque-musicall.com\/index.php?rest_route=\/wp\/v2\/types\/post"}],"author":[{"embeddable":true,"href":"https:\/\/www.toque-musicall.com\/index.php?rest_route=\/wp\/v2\/users\/1"}],"replies":[{"embeddable":true,"href":"https:\/\/www.toque-musicall.com\/index.php?rest_route=%2Fwp%2Fv2%2Fcomments&post=134"}],"version-history":[{"count":0,"href":"https:\/\/www.toque-musicall.com\/index.php?rest_route=\/wp\/v2\/posts\/134\/revisions"}],"wp:attachment":[{"href":"https:\/\/www.toque-musicall.com\/index.php?rest_route=%2Fwp%2Fv2%2Fmedia&parent=134"}],"wp:term":[{"taxonomy":"category","embeddable":true,"href":"https:\/\/www.toque-musicall.com\/index.php?rest_route=%2Fwp%2Fv2%2Fcategories&post=134"},{"taxonomy":"post_tag","embeddable":true,"href":"https:\/\/www.toque-musicall.com\/index.php?rest_route=%2Fwp%2Fv2%2Ftags&post=134"}],"curies":[{"name":"wp","href":"https:\/\/api.w.org\/{rel}","templated":true}]}}