{"id":1342,"date":"2009-01-02T10:25:00","date_gmt":"2009-01-02T10:25:00","guid":{"rendered":"http:\/\/www.toque-musicall.com\/?p=1342"},"modified":"2009-01-02T10:25:00","modified_gmt":"2009-01-02T10:25:00","slug":"valsa-brasileira-nova-historia-da-musica-popular-brasileira-1976-1","status":"publish","type":"post","link":"https:\/\/www.toque-musicall.com\/?p=1342","title":{"rendered":"Valsa Brasileira &#8211; Nova Hist\u00f3ria Da M\u00fasica Popular Brasileira (1976) 1"},"content":{"rendered":"<div align=\"left\"><a href=\"http:\/\/2.bp.blogspot.com\/_DSKVEvHtskc\/SV30WtJgddI\/AAAAAAAADLA\/wcHyGa0w13k\/s1600-h\/valsa+brasileira+P.JPG\"><img decoding=\"async\" id=\"BLOGGER_PHOTO_ID_5286650208516601298\" style=\"DISPLAY: block; MARGIN: 0px auto 10px; WIDTH: 372px; CURSOR: hand; HEIGHT: 400px; TEXT-ALIGN: center\" alt=\"\" src=\"http:\/\/2.bp.blogspot.com\/_DSKVEvHtskc\/SV30WtJgddI\/AAAAAAAADLA\/wcHyGa0w13k\/s400\/valsa+brasileira+P.JPG\" border=\"0\" \/><\/a> Bom dia, amigos cultos e ocultos! Como eu havia prometido para este novo ano, estarei postando os discos da cole\u00e7\u00e3o &#8220;Nova Hist\u00f3ria Da M\u00fasica Popular Brasileira&#8221; que me foi gentilmente doada pelo amigo Carlos Moraes. Esta \u00e9 aquela cole\u00e7\u00e3o que todo mundo tem, mas ningu\u00e9m tem ela completa. Agora, durante o ano, <strong>uma vez por semana<\/strong>, estarei postando um volume dessa s\u00e9rie super bacana. Procurarei seguir as postagens por ordem alfab\u00e9tica, j\u00e1 que esta cole\u00e7\u00e3o n\u00e3o \u00e9 numerada. Agora chegou a chance de completar a s\u00e9rie. A cole\u00e7\u00e3o da Abril Cultural, me parece, saiu umas tr\u00eas vezes. Esta, creio, seria a segunda.<br \/>Sobre o conte\u00fado de &#8220;A valsa brasileira&#8221;, assim como os demais discos da s\u00e9rie que vir\u00e3o, eu n\u00e3o irei me ater. Todas as informa\u00e7\u00f5es estar\u00e3o inclu\u00eddas no &#8216;pacote&#8217;. Voc\u00eas sabem, aqui \u00e9 servi\u00e7o completo, barba e cabelo. \ud83d\ude42<\/p>\n<div align=\"center\">torturante ironia &#8211; silvio caldas<\/div>\n<div align=\"center\">boa noite amor &#8211; francisco alves<\/div>\n<div align=\"center\">ci\u00fames sem raz\u00e3o &#8211; orlando silva<\/div>\n<div align=\"center\">e o destino desfolhou &#8211; carlos galhardo<\/div>\n<div align=\"center\">s\u00f3 n\u00f3s dois no sal\u00e3o&#8230; e esta valsa &#8211; francisco alves<\/div>\n<div align=\"center\">mais uma valsa&#8230; mais uma saudade &#8211; carlos galhardo<\/div>\n<div align=\"center\">caprichos do destino &#8211; orlando silva<\/div>\n<div align=\"center\">torre de marfim &#8211; carlos galhardo<\/div>\n<div align=\"center\"><\/div>\n<div align=\"center\"><\/div>\n<div align=\"center\"><\/div>\n<div align=\"center\"><\/div>\n<\/div>\n","protected":false},"excerpt":{"rendered":"<p>Bom dia, amigos cultos e ocultos! Como eu havia prometido para este novo ano, estarei postando os discos da cole\u00e7\u00e3o &#8220;Nova Hist\u00f3ria Da M\u00fasica Popular Brasileira&#8221; que me foi gentilmente doada pelo amigo Carlos Moraes. Esta \u00e9 aquela cole\u00e7\u00e3o que &hellip; <a href=\"https:\/\/www.toque-musicall.com\/?p=1342\">Continue lendo <span class=\"meta-nav\">&rarr;<\/span><\/a><\/p>\n","protected":false},"author":1,"featured_media":0,"comment_status":"open","ping_status":"closed","sticky":false,"template":"","format":"standard","meta":{"footnotes":""},"categories":[138,1330,115,85,12,1549],"tags":[],"class_list":["post-1342","post","type-post","status-publish","format-standard","hentry","category-carlos-galhardo","category-colecoes","category-francisco-alves","category-orlando-silva","category-silvio-caldas","category-valsa-brasileira"],"_links":{"self":[{"href":"https:\/\/www.toque-musicall.com\/index.php?rest_route=\/wp\/v2\/posts\/1342","targetHints":{"allow":["GET"]}}],"collection":[{"href":"https:\/\/www.toque-musicall.com\/index.php?rest_route=\/wp\/v2\/posts"}],"about":[{"href":"https:\/\/www.toque-musicall.com\/index.php?rest_route=\/wp\/v2\/types\/post"}],"author":[{"embeddable":true,"href":"https:\/\/www.toque-musicall.com\/index.php?rest_route=\/wp\/v2\/users\/1"}],"replies":[{"embeddable":true,"href":"https:\/\/www.toque-musicall.com\/index.php?rest_route=%2Fwp%2Fv2%2Fcomments&post=1342"}],"version-history":[{"count":0,"href":"https:\/\/www.toque-musicall.com\/index.php?rest_route=\/wp\/v2\/posts\/1342\/revisions"}],"wp:attachment":[{"href":"https:\/\/www.toque-musicall.com\/index.php?rest_route=%2Fwp%2Fv2%2Fmedia&parent=1342"}],"wp:term":[{"taxonomy":"category","embeddable":true,"href":"https:\/\/www.toque-musicall.com\/index.php?rest_route=%2Fwp%2Fv2%2Fcategories&post=1342"},{"taxonomy":"post_tag","embeddable":true,"href":"https:\/\/www.toque-musicall.com\/index.php?rest_route=%2Fwp%2Fv2%2Ftags&post=1342"}],"curies":[{"name":"wp","href":"https:\/\/api.w.org\/{rel}","templated":true}]}}