{"id":135,"date":"2012-02-29T10:42:00","date_gmt":"2012-02-29T13:42:00","guid":{"rendered":"http:\/\/www.toque-musicall.com\/?p=135"},"modified":"2021-02-18T13:59:31","modified_gmt":"2021-02-18T15:59:31","slug":"ruban-vitrine-1986","status":"publish","type":"post","link":"https:\/\/www.toque-musicall.com\/?p=135","title":{"rendered":"Ruban &#8211; Vitrine (1986)"},"content":{"rendered":"<p><a href=\"http:\/\/2.bp.blogspot.com\/-zgxbUKBlx4w\/T04C9-2-d_I\/AAAAAAAABIc\/iHt5afPvmNk\/s1600\/capa+P.JPG\"><img decoding=\"async\" style=\"display:block; margin:0px auto 10px; text-align:center;cursor:pointer; cursor:hand;width: 395px; height: 400px;\" src=\"http:\/\/2.bp.blogspot.com\/-zgxbUKBlx4w\/T04C9-2-d_I\/AAAAAAAABIc\/iHt5afPvmNk\/s400\/capa+P.JPG\" border=\"0\" alt=\"\" id=\"BLOGGER_PHOTO_ID_5714508241048598514\"><\/a><a href=\"http:\/\/3.bp.blogspot.com\/-XLz_71c7evA\/T04C2Vhx47I\/AAAAAAAABIQ\/VaPh8gJ2tYI\/s1600\/contracapa+P.JPG\"><img decoding=\"async\" style=\"display:block; margin:0px auto 10px; text-align:center;cursor:pointer; cursor:hand;width: 400px; height: 399px;\" src=\"http:\/\/3.bp.blogspot.com\/-XLz_71c7evA\/T04C2Vhx47I\/AAAAAAAABIQ\/VaPh8gJ2tYI\/s400\/contracapa+P.JPG\" border=\"0\" alt=\"\" id=\"BLOGGER_PHOTO_ID_5714508109694755762\"><\/a>Bom dia, amigos cultos, ocultos e associados! \u00c9, agora tem mais um para o meu jarg\u00e3o! Eu hoje, finalmente, retirei todos os links de postagens ativos no blog. Agora o terrorismo fica por conta apenas de algumas amea\u00e7as an\u00f4nimas, que n\u00e3o devemos nem dar bola. Como dizia o Roberto Carlos, &#8220;daqui pra frente, tudo vai ser diferente&#8230;&#8221; \u00c9 isso a\u00ed, o Toque Musical continua bombando, fazendo a alegria de quem gosta de m\u00fasica brasileira e tamb\u00e9m daqueles como eu que escutam m\u00fasica com outros olhos.<\/p>\n<div>Dando sequ\u00eancia \u00e0 nossa semana pop\/rock, ou coisa assim, eu tenho hoje para voc\u00eas o cantor e compositor Ruban. Lembram dele? Quem nos anos 80 nunca ouviu &#8220;Dancing Days&#8221;, que foi sucesso nas vozes das Fren\u00e9ticas? M\u00fasica esta feita em parceria com Nelson Motta. Tem tamb\u00e9m, &#8220;Eu sou free&#8221;, outra m\u00fasica de muito sucesso, dele e Patr\u00edcia Travassos, eternizada atrav\u00e9s do grupo pop Sempre Livre. Ah, j\u00e1 ia me esquecendo, tem outra, &#8220;Cinderela&#8221;, hit que fez a cabe\u00e7a de muitas mo\u00e7oilas naquela d\u00e9cada. Pois \u00e9, o tempo passa e parece que as coisas acontecidas \u00e0 vinte anos atr\u00e1s est\u00e3o mais esquecidas que as de quarenta. Ruban \u00e9 um bom exemplo. O cara sumiu. Se procurar na rede vai ser dif\u00edcil achar o seu rosto estampado na lista do Google. Mas a\u00ed eu me lembrei de verificar no Orkut e Facebook e achei. L\u00e1 estava ele, um senhor tipo bonach\u00e3o, pai de fam\u00edlia, rodeado por belos filhos e amigos. J\u00e1 \u00e9 at\u00e9 av\u00f4! Putz, o tempo passa! Embora eu o tenha encontrado, no Orkut ele n\u00e3o faz men\u00e7\u00e3o \u00e0 sua carreira de m\u00fasico, produtor e compositor. Deixei por l\u00e1 um recado, quem sabe ele um dia por aqui apare\u00e7a para nos contar o que anda fazendo. Enquanto isso a gente vai relembrando&#8230;<\/div>\n<div><\/div>\n<div style=\"text-align: center;\">vitrine<\/div>\n<div style=\"text-align: center;\">s\u00f3 se for voc\u00ea<\/div>\n<div style=\"text-align: center;\">vem comigo<\/div>\n<div style=\"text-align: center;\">trinta anos<\/div>\n<div style=\"text-align: center;\">essa garota<\/div>\n<div style=\"text-align: center;\">suite de castanhas<\/div>\n<div style=\"text-align: center;\">dancing days<\/div>\n<div style=\"text-align: center;\">cinderela<\/div>\n<div style=\"text-align: center;\">eu sou free<\/div>\n<div style=\"text-align: center;\">vitrine (remix)<\/div>\n<div style=\"text-align: center;\"><\/div>\n<div><\/div>\n<div><\/div>\n","protected":false},"excerpt":{"rendered":"<p>Bom dia, amigos cultos, ocultos e associados! \u00c9, agora tem mais um para o meu jarg\u00e3o! Eu hoje, finalmente, retirei todos os links de postagens ativos no blog. Agora o terrorismo fica por conta apenas de algumas amea\u00e7as an\u00f4nimas, que &hellip; <a href=\"https:\/\/www.toque-musicall.com\/?p=135\">Continue lendo <span class=\"meta-nav\">&rarr;<\/span><\/a><\/p>\n","protected":false},"author":1,"featured_media":0,"comment_status":"open","ping_status":"closed","sticky":false,"template":"","format":"standard","meta":{"footnotes":""},"categories":[243,244],"tags":[4311,3680],"class_list":["post-135","post","type-post","status-publish","format-standard","hentry","category-ruban","category-selo-emi-odeon","tag-ruban","tag-selo-emi-odeon"],"_links":{"self":[{"href":"https:\/\/www.toque-musicall.com\/index.php?rest_route=\/wp\/v2\/posts\/135","targetHints":{"allow":["GET"]}}],"collection":[{"href":"https:\/\/www.toque-musicall.com\/index.php?rest_route=\/wp\/v2\/posts"}],"about":[{"href":"https:\/\/www.toque-musicall.com\/index.php?rest_route=\/wp\/v2\/types\/post"}],"author":[{"embeddable":true,"href":"https:\/\/www.toque-musicall.com\/index.php?rest_route=\/wp\/v2\/users\/1"}],"replies":[{"embeddable":true,"href":"https:\/\/www.toque-musicall.com\/index.php?rest_route=%2Fwp%2Fv2%2Fcomments&post=135"}],"version-history":[{"count":1,"href":"https:\/\/www.toque-musicall.com\/index.php?rest_route=\/wp\/v2\/posts\/135\/revisions"}],"predecessor-version":[{"id":8216,"href":"https:\/\/www.toque-musicall.com\/index.php?rest_route=\/wp\/v2\/posts\/135\/revisions\/8216"}],"wp:attachment":[{"href":"https:\/\/www.toque-musicall.com\/index.php?rest_route=%2Fwp%2Fv2%2Fmedia&parent=135"}],"wp:term":[{"taxonomy":"category","embeddable":true,"href":"https:\/\/www.toque-musicall.com\/index.php?rest_route=%2Fwp%2Fv2%2Fcategories&post=135"},{"taxonomy":"post_tag","embeddable":true,"href":"https:\/\/www.toque-musicall.com\/index.php?rest_route=%2Fwp%2Fv2%2Ftags&post=135"}],"curies":[{"name":"wp","href":"https:\/\/api.w.org\/{rel}","templated":true}]}}