{"id":1352,"date":"2008-12-23T10:33:00","date_gmt":"2008-12-23T10:33:00","guid":{"rendered":"http:\/\/www.toque-musicall.com\/?p=1352"},"modified":"2008-12-23T10:33:00","modified_gmt":"2008-12-23T10:33:00","slug":"um-feliz-natal-1965","status":"publish","type":"post","link":"https:\/\/www.toque-musicall.com\/?p=1352","title":{"rendered":"Um Feliz Natal (1965)"},"content":{"rendered":"<div align=\"left\"><a href=\"http:\/\/1.bp.blogspot.com\/_DSKVEvHtskc\/SVDH-pkoqRI\/AAAAAAAAC_g\/4sBkz6EkumM\/s1600-h\/um+feliz+natal+P.JPG\"><img decoding=\"async\" id=\"BLOGGER_PHOTO_ID_5282942242030922002\" style=\"DISPLAY: block; MARGIN: 0px auto 10px; WIDTH: 399px; CURSOR: hand; HEIGHT: 400px; TEXT-ALIGN: center\" alt=\"\" src=\"http:\/\/1.bp.blogspot.com\/_DSKVEvHtskc\/SVDH-pkoqRI\/AAAAAAAAC_g\/4sBkz6EkumM\/s400\/um+feliz+natal+P.JPG\" border=\"0\" \/><\/a>Enfim, est\u00e1 chegando o natal. Pessoalmente, esta \u00e9 uma data triste para mim. Acho que no fundo deve ser para todo mundo que j\u00e1 viveu muitos &#8216;natais&#8217;. Depois de algum tempo o brilho se transforma em apenas um ponto de reflex\u00e3o. A gente ainda sorri, ainda demonstra alegria&#8230; mas percebemos que a cada novo natal a \u00fanica coisa que temos \u00e9 a esperan\u00e7a. Amigos, parentes, pai, m\u00e3e e irm\u00e3os v\u00e3o se reduzindo. A gente fica querendo reviver momentos, mas eles s\u00e3o apenas passageiros, assim como n\u00f3s. Ah, tristes reflex\u00f5es&#8230; Deixa eu parar&#8230; t\u00f4 come\u00e7ando a ficar deprimido. Acho que \u00e9 por isso que eu preciso da m\u00fasica. Esse \u00e9 meu acalento.<\/div>\n<div align=\"left\">Para sinalizar o natal aqui vai, antecipadamente um disquinho para a noite da ceia. Este \u00e1lbum eu n\u00e3o sei ao certo se \u00e9 do natal de 65, mas vale para qualquer um. Um disco lan\u00e7ado pela Philips, reunindo alguns de seu artistas numa colet\u00e2nea com as m\u00fasicas mais conhecidas de natal. Entre tantas, a faixa que mais me condiz e que destaco \u00e9 &#8220;Natal verde e amarelo&#8221; de Wilma Camargo, aqui cantada pelo excelente grupo vocal Os Titulares do Ritmo. Este deveria ser o nosso hino de natal.<\/div>\n<p><\/p>\n<div align=\"center\">\u00e9 natal &#8211; os pequenos cantores da guanabara<\/div>\n<div align=\"center\">quando chega o natal &#8211; hebe camargo<\/div>\n<div align=\"center\">noite feliz &#8211; francisco jos\u00e9 e os pequenos cantores da guanabara<\/div>\n<div align=\"center\">boas festas &#8211; neide fraga<\/div>\n<div align=\"center\">natal das crian\u00e7as &#8211; blecaute<\/div>\n<div align=\"center\">papai noel &#8211; leni caldeira<\/div>\n<div align=\"center\">o natal chegou &#8211; noite ilustrada<\/div>\n<div align=\"center\">natal da menininha &#8211; mariazinha<\/div>\n<div align=\"center\">nasceu jesus &#8211; silvinho<\/div>\n<div align=\"center\">o que eu queria de natal &#8211; norma suely<\/div>\n<div align=\"center\">natal verde e amarelo &#8211; os titulares do ritmo<\/div>\n<div align=\"center\">natal de jesus &#8211; os tr\u00eas tons<\/div>\n<div align=\"center\"><\/div>\n<div align=\"center\"><\/div>\n<div align=\"center\"> <\/div>\n<div align=\"center\">  <\/div>\n","protected":false},"excerpt":{"rendered":"<p>Enfim, est\u00e1 chegando o natal. Pessoalmente, esta \u00e9 uma data triste para mim. Acho que no fundo deve ser para todo mundo que j\u00e1 viveu muitos &#8216;natais&#8217;. Depois de algum tempo o brilho se transforma em apenas um ponto de &hellip; <a href=\"https:\/\/www.toque-musicall.com\/?p=1352\">Continue lendo <span class=\"meta-nav\">&rarr;<\/span><\/a><\/p>\n","protected":false},"author":1,"featured_media":0,"comment_status":"open","ping_status":"closed","sticky":false,"template":"","format":"standard","meta":{"footnotes":""},"categories":[586,1557,1560,161,194,1559,940,1213,1558,308,371],"tags":[],"class_list":["post-1352","post","type-post","status-publish","format-standard","hentry","category-blecaute","category-hebe-camargo","category-leni-caldeira","category-neide-fraga","category-noite-ilustrada","category-norma-suely","category-os-pequenos-cantores-da-guanabara","category-os-tres-tons","category-silvinho","category-titulares-do-ritmo","category-um-feliz-natal"],"_links":{"self":[{"href":"https:\/\/www.toque-musicall.com\/index.php?rest_route=\/wp\/v2\/posts\/1352","targetHints":{"allow":["GET"]}}],"collection":[{"href":"https:\/\/www.toque-musicall.com\/index.php?rest_route=\/wp\/v2\/posts"}],"about":[{"href":"https:\/\/www.toque-musicall.com\/index.php?rest_route=\/wp\/v2\/types\/post"}],"author":[{"embeddable":true,"href":"https:\/\/www.toque-musicall.com\/index.php?rest_route=\/wp\/v2\/users\/1"}],"replies":[{"embeddable":true,"href":"https:\/\/www.toque-musicall.com\/index.php?rest_route=%2Fwp%2Fv2%2Fcomments&post=1352"}],"version-history":[{"count":0,"href":"https:\/\/www.toque-musicall.com\/index.php?rest_route=\/wp\/v2\/posts\/1352\/revisions"}],"wp:attachment":[{"href":"https:\/\/www.toque-musicall.com\/index.php?rest_route=%2Fwp%2Fv2%2Fmedia&parent=1352"}],"wp:term":[{"taxonomy":"category","embeddable":true,"href":"https:\/\/www.toque-musicall.com\/index.php?rest_route=%2Fwp%2Fv2%2Fcategories&post=1352"},{"taxonomy":"post_tag","embeddable":true,"href":"https:\/\/www.toque-musicall.com\/index.php?rest_route=%2Fwp%2Fv2%2Ftags&post=1352"}],"curies":[{"name":"wp","href":"https:\/\/api.w.org\/{rel}","templated":true}]}}