{"id":1355,"date":"2008-12-20T10:32:00","date_gmt":"2008-12-20T10:32:00","guid":{"rendered":"http:\/\/www.toque-musicall.com\/?p=1355"},"modified":"2008-12-20T10:32:00","modified_gmt":"2008-12-20T10:32:00","slug":"a-musica-em-pessoa-1985","status":"publish","type":"post","link":"https:\/\/www.toque-musicall.com\/?p=1355","title":{"rendered":"A M\u00fasica Em Pessoa (1985)"},"content":{"rendered":"<div align=\"left\"><a href=\"http:\/\/3.bp.blogspot.com\/_DSKVEvHtskc\/SUzKPLkoguI\/AAAAAAAAC_I\/J0jxdV8iTwQ\/s1600-h\/A+Musica+em+Pessoa+P.JPG\"><img decoding=\"async\" style=\"TEXT-ALIGN: center; MARGIN: 0px auto 10px; WIDTH: 400px; DISPLAY: block; HEIGHT: 399px; CURSOR: hand\" id=\"BLOGGER_PHOTO_ID_5281818825152037602\" border=\"0\" alt=\"\" src=\"http:\/\/3.bp.blogspot.com\/_DSKVEvHtskc\/SUzKPLkoguI\/AAAAAAAAC_I\/J0jxdV8iTwQ\/s400\/A+Musica+em+Pessoa+P.JPG\" \/><\/a> Ol\u00e1! Hoje eu acordei com meus pensamentos na poesia de Fernando Pessoa. Sempre que penso neste poeta me recordo destes versos:<em> <\/em><\/div>\n<div align=\"left\"><em>&#8220;H\u00e1 um tempo em que \u00e9 preciso abandonar as roupas usadas, que j\u00e1 tem a forma do nosso corpo, e esquecer os nossos caminhos, que nos levam sempre aos mesmos lugares. \u00c9 o tempo da travessia: e, se n\u00e3o ousarmos faz\u00ea-la, teremos ficado, para sempre, \u00e0 margem de n\u00f3s mesmos.&#8221;<\/em> <\/div>\n<div align=\"left\">Diretamente isso n\u00e3o tem nada a ver com as minhas quest\u00f5es como blogueiro ou anuncia\u00e7\u00e3o de alguma medida radical. Longe disso&#8230; Eu apenas recorro ao texto para abrir uma nova tem\u00e1tica (ou sair dela) e ornamentar esta postagem que considero especial. Fernando Pessoa \u00e9 um dos meus poetas prediletos. Sua mensagem me \u00e9 sempre sinalizadora e aconselhadora. <\/div>\n<div align=\"left\">O presente \u00e1lbum \u00e9 foi um projeto criado por Elisa Byington e Olivia Hime no sentido de celebrar o cinquenten\u00e1rio da morte do poeta. A id\u00e9ia foi convidar alguns dos maiores nomes de nossa m\u00fasica e teatro para musicar e interpretar seus versos. O disco ficou realmente lindo e s\u00f3 pecou pelo fato de n\u00e3o ser um \u00e1lbum duplo. Temos ent\u00e3o os parceiros e os interpretes do grande poeta e seus principais heter\u00f4nimos (Alvaro de Campos, Alberto Caeiro, Bernardo Soares e Ricardo Reis) confiram&#8230;<\/div>\n<p><\/p>\n<div align=\"center\">o rio da minha aldeia &#8211; alberto caeiro e tom jobim &#8211; tom jobim<\/div>\n<div align=\"center\">segue o teu destino &#8211; ricardo reis e sueli costa &#8211; nana caymmi<\/div>\n<div align=\"center\">glosa &#8211; fernando pessoa e francis hime &#8211; francis e olivia hime<\/div>\n<div align=\"center\">meantime &#8211; f. pessoa e ritchie &#8211; ritchie<\/div>\n<div align=\"center\">emiss\u00e1rio de um rei desconhecido &#8211; f. pessoa e milton nascimento &#8211; eug\u00eania melo e castro<\/div>\n<div align=\"center\">pasagem das horas &#8211; \u00e1lvaro de campos e francis hime &#8211; marcos nanini<\/div>\n<div align=\"center\">meus pensamentos de m\u00e1goa &#8211; f. pessoa e edu l\u00f4bo &#8211; edu l\u00f4bo<\/div>\n<div align=\"center\">livro do desassoss\u00eago &#8211; bernando soares, olivia e edgar duvivier &#8211; olivia byington<\/div>\n<div align=\"center\">saudade dada &#8211; f. pessoa e arrigo barnab\u00e9 &#8211; arrigo barnab\u00e9<\/div>\n<div align=\"center\">na ribeira deste rio &#8211; f. pessoa e dori caymmi &#8211; dori caymmi<\/div>\n<div align=\"center\">cavaleiro monje &#8211; f. pessoa e tom jobim &#8211; tom jobim<\/div>\n<div align=\"center\">o menino da sua m\u00e3e &#8211; m\u00fasica de francis hime e intrepreta\u00e7\u00e3o de mar\u00edlia p\u00eara<\/div>\n<div align=\"center\">quem bate \u00e0 minha porta &#8211; f. pessoa e arrigo barnab\u00e9 &#8211; v\u00e2nia bastos<\/div>\n<div align=\"center\">cruzou por mim, veio ter comigo numa rua da baixa &#8211; m\u00fasica de nando carneiro<\/div>\n<div align=\"center\">interpreta\u00e7\u00e3o de j\u00f4 soares<\/div>\n<div align=\"center\"><\/div>\n<div align=\"center\"><\/div>\n<div align=\"center\"><\/div>\n<div align=\"center\"><\/div>\n","protected":false},"excerpt":{"rendered":"<p>Ol\u00e1! Hoje eu acordei com meus pensamentos na poesia de Fernando Pessoa. Sempre que penso neste poeta me recordo destes versos: &#8220;H\u00e1 um tempo em que \u00e9 preciso abandonar as roupas usadas, que j\u00e1 tem a forma do nosso corpo, &hellip; <a href=\"https:\/\/www.toque-musicall.com\/?p=1355\">Continue lendo <span class=\"meta-nav\">&rarr;<\/span><\/a><\/p>\n","protected":false},"author":1,"featured_media":0,"comment_status":"open","ping_status":"closed","sticky":false,"template":"","format":"standard","meta":{"footnotes":""},"categories":[1563,135,1565,1566,293,1564,1569,1568,715,1567,917,318,1570],"tags":[],"class_list":["post-1355","post","type-post","status-publish","format-standard","hentry","category-a-musica-em-pessoa","category-antonio-carlos-jobim","category-arrigo-barnabe","category-dori-caymmi","category-edu-lobo","category-eugenia-melo-e-castro","category-fernando-pessoa","category-francis-hime","category-nana-caymmi","category-olivia-byington","category-olivia-hime","category-poesia","category-ritchie"],"_links":{"self":[{"href":"https:\/\/www.toque-musicall.com\/index.php?rest_route=\/wp\/v2\/posts\/1355","targetHints":{"allow":["GET"]}}],"collection":[{"href":"https:\/\/www.toque-musicall.com\/index.php?rest_route=\/wp\/v2\/posts"}],"about":[{"href":"https:\/\/www.toque-musicall.com\/index.php?rest_route=\/wp\/v2\/types\/post"}],"author":[{"embeddable":true,"href":"https:\/\/www.toque-musicall.com\/index.php?rest_route=\/wp\/v2\/users\/1"}],"replies":[{"embeddable":true,"href":"https:\/\/www.toque-musicall.com\/index.php?rest_route=%2Fwp%2Fv2%2Fcomments&post=1355"}],"version-history":[{"count":0,"href":"https:\/\/www.toque-musicall.com\/index.php?rest_route=\/wp\/v2\/posts\/1355\/revisions"}],"wp:attachment":[{"href":"https:\/\/www.toque-musicall.com\/index.php?rest_route=%2Fwp%2Fv2%2Fmedia&parent=1355"}],"wp:term":[{"taxonomy":"category","embeddable":true,"href":"https:\/\/www.toque-musicall.com\/index.php?rest_route=%2Fwp%2Fv2%2Fcategories&post=1355"},{"taxonomy":"post_tag","embeddable":true,"href":"https:\/\/www.toque-musicall.com\/index.php?rest_route=%2Fwp%2Fv2%2Ftags&post=1355"}],"curies":[{"name":"wp","href":"https:\/\/api.w.org\/{rel}","templated":true}]}}