{"id":1356,"date":"2008-12-19T12:40:00","date_gmt":"2008-12-19T12:40:00","guid":{"rendered":"http:\/\/www.toque-musicall.com\/?p=1356"},"modified":"2008-12-19T12:40:00","modified_gmt":"2008-12-19T12:40:00","slug":"aparecida-foram-17-anos-1976","status":"publish","type":"post","link":"https:\/\/www.toque-musicall.com\/?p=1356","title":{"rendered":"Aparecida &#8211; Foram 17 Anos (1976)"},"content":{"rendered":"<p><a href=\"http:\/\/2.bp.blogspot.com\/_DSKVEvHtskc\/SUuXYQu7gxI\/AAAAAAAAC_A\/nkgxhLjYQRk\/s1600-h\/aparecida+-+17+anos+P.JPG\"><img decoding=\"async\" id=\"BLOGGER_PHOTO_ID_5281481431086498578\" style=\"DISPLAY: block; MARGIN: 0px auto 10px; WIDTH: 400px; CURSOR: hand; HEIGHT: 395px; TEXT-ALIGN: center\" alt=\"\" src=\"http:\/\/2.bp.blogspot.com\/_DSKVEvHtskc\/SUuXYQu7gxI\/AAAAAAAAC_A\/nkgxhLjYQRk\/s400\/aparecida+-+17+anos+P.JPG\" border=\"0\" \/><\/a> Para fechar a semana, volto com mais um disco da sambista Aparecida em seu segundo \u00e1lbum. No primeiro, postado aqui a uma semana atr\u00e1s, faltou incluir a sexta faixa. Preferi esperar at\u00e9 agora, quando estou trazendo mais um disco, para informar que o link j\u00e1 foi corrigido.<br \/>&#8220;Foram 17 anos&#8221; \u00e9 talvez o \u00e1lbum de Aparecida que mais se destacou. Este \u00e9 mais um \u00e1lbum produzido por Durval Ferreira e arranjos e reg\u00eancia de Jos\u00e9 Menezes. Para melhorar o cozido, al\u00e9m de outros m\u00fasicos e ritmistas (Conjunto Nosso Samba), h\u00e1 a participa\u00e7\u00e3o especial de Sivuca e o c\u00f4ro dAs Gatas. Muito bom, confiram o toque&#8230;<\/p>\n<div align=\"center\">17 anos<\/div>\n<div align=\"center\">tributo \u00e0s almas<\/div>\n<div align=\"center\">santo antonio de pemba<\/div>\n<div align=\"center\">os deuses afros<\/div>\n<div align=\"center\">melodia n\u00e3o deixa parada de lucas<\/div>\n<div align=\"center\">grongoio, popoi\u00f3<\/div>\n<div align=\"center\">diongo, mundiongo<\/div>\n<div align=\"center\">aru\u00ea<\/div>\n<div align=\"center\">todo mundo \u00e9 preto<\/div>\n<div align=\"center\">sarav\u00e1,sarav\u00e1 bahia<\/div>\n<div align=\"center\">l\u00e1grimas de oxum<\/div>\n<div align=\"center\"><\/div>\n<div align=\"center\"><\/div>\n<div align=\"center\"> <\/div>\n","protected":false},"excerpt":{"rendered":"<p>Para fechar a semana, volto com mais um disco da sambista Aparecida em seu segundo \u00e1lbum. No primeiro, postado aqui a uma semana atr\u00e1s, faltou incluir a sexta faixa. Preferi esperar at\u00e9 agora, quando estou trazendo mais um disco, para &hellip; <a href=\"https:\/\/www.toque-musicall.com\/?p=1356\">Continue lendo <span class=\"meta-nav\">&rarr;<\/span><\/a><\/p>\n","protected":false},"author":1,"featured_media":0,"comment_status":"open","ping_status":"closed","sticky":false,"template":"","format":"standard","meta":{"footnotes":""},"categories":[1255],"tags":[],"class_list":["post-1356","post","type-post","status-publish","format-standard","hentry","category-aparecida"],"_links":{"self":[{"href":"https:\/\/www.toque-musicall.com\/index.php?rest_route=\/wp\/v2\/posts\/1356","targetHints":{"allow":["GET"]}}],"collection":[{"href":"https:\/\/www.toque-musicall.com\/index.php?rest_route=\/wp\/v2\/posts"}],"about":[{"href":"https:\/\/www.toque-musicall.com\/index.php?rest_route=\/wp\/v2\/types\/post"}],"author":[{"embeddable":true,"href":"https:\/\/www.toque-musicall.com\/index.php?rest_route=\/wp\/v2\/users\/1"}],"replies":[{"embeddable":true,"href":"https:\/\/www.toque-musicall.com\/index.php?rest_route=%2Fwp%2Fv2%2Fcomments&post=1356"}],"version-history":[{"count":0,"href":"https:\/\/www.toque-musicall.com\/index.php?rest_route=\/wp\/v2\/posts\/1356\/revisions"}],"wp:attachment":[{"href":"https:\/\/www.toque-musicall.com\/index.php?rest_route=%2Fwp%2Fv2%2Fmedia&parent=1356"}],"wp:term":[{"taxonomy":"category","embeddable":true,"href":"https:\/\/www.toque-musicall.com\/index.php?rest_route=%2Fwp%2Fv2%2Fcategories&post=1356"},{"taxonomy":"post_tag","embeddable":true,"href":"https:\/\/www.toque-musicall.com\/index.php?rest_route=%2Fwp%2Fv2%2Ftags&post=1356"}],"curies":[{"name":"wp","href":"https:\/\/api.w.org\/{rel}","templated":true}]}}