{"id":1357,"date":"2008-12-19T12:29:00","date_gmt":"2008-12-19T12:29:00","guid":{"rendered":"http:\/\/www.toque-musicall.com\/?p=1357"},"modified":"2008-12-19T12:29:00","modified_gmt":"2008-12-19T12:29:00","slug":"saul-barbosa-movimento-1986","status":"publish","type":"post","link":"https:\/\/www.toque-musicall.com\/?p=1357","title":{"rendered":"Saul Barbosa &#8211; Movimento (1986)"},"content":{"rendered":"<p><a href=\"http:\/\/2.bp.blogspot.com\/_DSKVEvHtskc\/SUuV8syiLQI\/AAAAAAAAC-4\/uHXVd0GB0xc\/s1600-h\/Saul+P.JPG\"><img decoding=\"async\" id=\"BLOGGER_PHOTO_ID_5281479858069843202\" style=\"DISPLAY: block; MARGIN: 0px auto 10px; WIDTH: 397px; CURSOR: hand; HEIGHT: 400px; TEXT-ALIGN: center\" alt=\"\" src=\"http:\/\/2.bp.blogspot.com\/_DSKVEvHtskc\/SUuV8syiLQI\/AAAAAAAAC-4\/uHXVd0GB0xc\/s400\/Saul+P.JPG\" border=\"0\" \/><\/a>Ol\u00e1s! Algu\u00e9m a\u00ed quer chuva? Putz! A coisa aqui para os meus lados est\u00e1 de mofar. Quer dizer, antes fosse s\u00f3 o m\u00f4fo da umidade, mas tem tamb\u00e9m o estrago que esse tempo provoca. Meu fim de semana foi literalmente por agua a baixo. \ud83d\ude41 Por outro lado, ficando preso em casa, terei tempo para preparar as postagens da pr\u00f3xima semana.<br \/>Aqui vamos n\u00f3s com mais um baiano, o compositor e violonista Saul Barbosa. Se n\u00e3o me engano, este foi o \u00e1lbum de estr\u00e9ia de Saul, lan\u00e7ado pela gravadora Est\u00fadio de Inven\u00e7\u00f5es do artista pl\u00e1stico e compositor Augusto Jatob\u00e1, que tamb\u00e9m responde pela capa do disco. Este selo foi respons\u00e1vel pela proje\u00e7\u00e3o de v\u00e1rios artistas baianos, principalmente da m\u00fasica instrumental.<br \/>&#8220;Movimento&#8221; n\u00e3o \u00e9 um disco instrumental, por\u00e9m sua for\u00e7a n\u00e3o est\u00e1 nas letras, concentra-se na m\u00fasica, na valoriza\u00e7\u00e3o dos instrumentos e instrumentistas. Participam do discos figuras como M\u00e1rcio Montarroyos, Chiquinho do Acordeon e Guto Gra\u00e7a Melo.<\/p>\n<div align=\"center\">a rainha e o pe\u00e3o<\/div>\n<div align=\"center\">bola de gude<\/div>\n<div align=\"center\">mesti\u00e7a<\/div>\n<div align=\"center\">jiboiando<\/div>\n<div align=\"center\">partindo ao meio<\/div>\n<div align=\"center\">amor de al\u00e9m mar<\/div>\n<div align=\"center\">veloz lentid\u00e3o<\/div>\n<div align=\"center\">coisas a brasileira<\/div>\n<div align=\"center\">correndo na chuva<\/div>\n<div align=\"center\">movimento<\/div>\n<div align=\"center\"><\/div>\n<div align=\"center\"><\/div>\n<div align=\"center\"><\/div>\n<div align=\"center\"><\/div>\n","protected":false},"excerpt":{"rendered":"<p>Ol\u00e1s! Algu\u00e9m a\u00ed quer chuva? Putz! A coisa aqui para os meus lados est\u00e1 de mofar. Quer dizer, antes fosse s\u00f3 o m\u00f4fo da umidade, mas tem tamb\u00e9m o estrago que esse tempo provoca. Meu fim de semana foi literalmente &hellip; <a href=\"https:\/\/www.toque-musicall.com\/?p=1357\">Continue lendo <span class=\"meta-nav\">&rarr;<\/span><\/a><\/p>\n","protected":false},"author":1,"featured_media":0,"comment_status":"open","ping_status":"closed","sticky":false,"template":"","format":"standard","meta":{"footnotes":""},"categories":[1571],"tags":[],"class_list":["post-1357","post","type-post","status-publish","format-standard","hentry","category-saul-barbosa"],"_links":{"self":[{"href":"https:\/\/www.toque-musicall.com\/index.php?rest_route=\/wp\/v2\/posts\/1357","targetHints":{"allow":["GET"]}}],"collection":[{"href":"https:\/\/www.toque-musicall.com\/index.php?rest_route=\/wp\/v2\/posts"}],"about":[{"href":"https:\/\/www.toque-musicall.com\/index.php?rest_route=\/wp\/v2\/types\/post"}],"author":[{"embeddable":true,"href":"https:\/\/www.toque-musicall.com\/index.php?rest_route=\/wp\/v2\/users\/1"}],"replies":[{"embeddable":true,"href":"https:\/\/www.toque-musicall.com\/index.php?rest_route=%2Fwp%2Fv2%2Fcomments&post=1357"}],"version-history":[{"count":0,"href":"https:\/\/www.toque-musicall.com\/index.php?rest_route=\/wp\/v2\/posts\/1357\/revisions"}],"wp:attachment":[{"href":"https:\/\/www.toque-musicall.com\/index.php?rest_route=%2Fwp%2Fv2%2Fmedia&parent=1357"}],"wp:term":[{"taxonomy":"category","embeddable":true,"href":"https:\/\/www.toque-musicall.com\/index.php?rest_route=%2Fwp%2Fv2%2Fcategories&post=1357"},{"taxonomy":"post_tag","embeddable":true,"href":"https:\/\/www.toque-musicall.com\/index.php?rest_route=%2Fwp%2Fv2%2Ftags&post=1357"}],"curies":[{"name":"wp","href":"https:\/\/api.w.org\/{rel}","templated":true}]}}